
{"id":10953,"date":"2011-11-18T06:34:39","date_gmt":"2011-11-18T05:34:39","guid":{"rendered":"http:\/\/adamczewscy.pl\/?p=3343"},"modified":"2011-11-18T06:34:39","modified_gmt":"2011-11-18T05:34:39","slug":"moje-ulubione-buraczki","status":"publish","type":"post","link":"https:\/\/blog.polityka.pl\/adamczewski\/2011\/11\/18\/moje-ulubione-buraczki\/","title":{"rendered":"Moje ulubione buraczki"},"content":{"rendered":"<p><em>3 pod\u0142u\u017cne buraki, 2 \u0142y\u017ceczki os\u0105czonych z zalewy kapar\u00f3w,<br \/>\nNa sos: 10 \u0142y\u017cek oleju z pestek winogron, \u0142y\u017ceczka miodu , \u0142y\u017ceczka musztardy miodowej, 2 \u0142y\u017cki octu balsamicznego, s\u00f3l, pieprz, z\u0105bek czosnku<\/em><\/p>\n<p>1. Buraki ugotowa\u0107 w wodzie lub upiec w piekarniku do mi\u0119kko\u015bci. Wystudzi\u0107, obra\u0107 ze sk\u00f3rki, pokroi\u0107 w p\u00f3\u0142centymetrowe plasterki i u\u0142o\u017cy\u0107 na du\u017cym p\u00f3\u0142misku.<br \/>\n2. W zakr\u0119canym s\u0142oiku umie\u015bci\u0107 sk\u0142adniki sosu, dobrze wymiesza\u0107.<br \/>\n3. Pokrojone buraki posypa\u0107 kaparami, pola\u0107 sosem i odstawi\u0107 na p\u00f3l godziny.<br \/>\nTak przyrz\u0105dzone buraki mo\u017cna przechowywa\u0107 2-3 dni w zakrytym naczyniu w ch\u0142odnym miejscu. <\/p>\n","protected":false},"excerpt":{"rendered":"<p>3 pod\u0142u\u017cne buraki, 2 \u0142y\u017ceczki os\u0105czonych z zalewy kapar\u00f3w, Na sos: 10 \u0142y\u017cek oleju z pestek winogron, \u0142y\u017ceczka miodu , \u0142y\u017ceczka musztardy miodowej, 2 \u0142y\u017cki octu balsamicznego, s\u00f3l, pieprz, z\u0105bek czosnku 1. Buraki ugotowa\u0107 w wodzie lub upiec w piekarniku do mi\u0119kko\u015bci. Wystudzi\u0107, obra\u0107 ze sk\u00f3rki, pokroi\u0107 w p\u00f3\u0142centymetrowe plasterki i u\u0142o\u017cy\u0107 na du\u017cym p\u00f3\u0142misku. [&hellip;]<\/p>\n","protected":false},"author":2,"featured_media":0,"comment_status":"open","ping_status":"open","sticky":false,"template":"","format":"standard","meta":{"footnotes":""},"categories":[1],"tags":[],"_links":{"self":[{"href":"https:\/\/blog.polityka.pl\/adamczewski\/wp-json\/wp\/v2\/posts\/10953"}],"collection":[{"href":"https:\/\/blog.polityka.pl\/adamczewski\/wp-json\/wp\/v2\/posts"}],"about":[{"href":"https:\/\/blog.polityka.pl\/adamczewski\/wp-json\/wp\/v2\/types\/post"}],"author":[{"embeddable":true,"href":"https:\/\/blog.polityka.pl\/adamczewski\/wp-json\/wp\/v2\/users\/2"}],"replies":[{"embeddable":true,"href":"https:\/\/blog.polityka.pl\/adamczewski\/wp-json\/wp\/v2\/comments?post=10953"}],"version-history":[{"count":0,"href":"https:\/\/blog.polityka.pl\/adamczewski\/wp-json\/wp\/v2\/posts\/10953\/revisions"}],"wp:attachment":[{"href":"https:\/\/blog.polityka.pl\/adamczewski\/wp-json\/wp\/v2\/media?parent=10953"}],"wp:term":[{"taxonomy":"category","embeddable":true,"href":"https:\/\/blog.polityka.pl\/adamczewski\/wp-json\/wp\/v2\/categories?post=10953"},{"taxonomy":"post_tag","embeddable":true,"href":"https:\/\/blog.polityka.pl\/adamczewski\/wp-json\/wp\/v2\/tags?post=10953"}],"curies":[{"name":"wp","href":"https:\/\/api.w.org\/{rel}","templated":true}]}}