
{"id":10954,"date":"2011-11-18T06:35:17","date_gmt":"2011-11-18T05:35:17","guid":{"rendered":"http:\/\/adamczewscy.pl\/?p=3344"},"modified":"2011-11-18T06:35:17","modified_gmt":"2011-11-18T05:35:17","slug":"brokuly-z-jogurtem","status":"publish","type":"post","link":"https:\/\/blog.polityka.pl\/adamczewski\/2011\/11\/18\/brokuly-z-jogurtem\/","title":{"rendered":"Broku\u0142y z jogurtem"},"content":{"rendered":"<p><em>3 broku\u0142y, 4 \u0142y\u017cki siekanej zielonej pietruszki, szklanka jogurtu naturalnego, cukier, s\u00f3l, pieprz<\/em><\/p>\n<p>1. Broku\u0142y umy\u0107,  podzieli\u0107 na r\u00f3\u017cyczki, naci\u0105\u0107 \u0142ody\u017cki ka\u017cdej r\u00f3\u017cyczki na krzy\u017c, wrzuci\u0107 do lekko posolonego i pos\u0142odzonego wrz\u0105tku. Ugotowa\u0107.<br \/>\n2. Odcedzi\u0107, u\u0142o\u017cy\u0107 na p\u00f3\u0142misku.<br \/>\n3. Jogurt doprawi\u0107 sol\u0105, cukrem i pieprzem, pola\u0107 sosem jeszcze ciep\u0142e broku\u0142y, posypa\u0107 siekan\u0105 zielon\u0105 pietruszk\u0105. <\/p>\n","protected":false},"excerpt":{"rendered":"<p>3 broku\u0142y, 4 \u0142y\u017cki siekanej zielonej pietruszki, szklanka jogurtu naturalnego, cukier, s\u00f3l, pieprz 1. Broku\u0142y umy\u0107, podzieli\u0107 na r\u00f3\u017cyczki, naci\u0105\u0107 \u0142ody\u017cki ka\u017cdej r\u00f3\u017cyczki na krzy\u017c, wrzuci\u0107 do lekko posolonego i pos\u0142odzonego wrz\u0105tku. Ugotowa\u0107. 2. Odcedzi\u0107, u\u0142o\u017cy\u0107 na p\u00f3\u0142misku. 3. Jogurt doprawi\u0107 sol\u0105, cukrem i pieprzem, pola\u0107 sosem jeszcze ciep\u0142e broku\u0142y, posypa\u0107 siekan\u0105 zielon\u0105 pietruszk\u0105.<\/p>\n","protected":false},"author":2,"featured_media":0,"comment_status":"open","ping_status":"open","sticky":false,"template":"","format":"standard","meta":{"footnotes":""},"categories":[1],"tags":[],"_links":{"self":[{"href":"https:\/\/blog.polityka.pl\/adamczewski\/wp-json\/wp\/v2\/posts\/10954"}],"collection":[{"href":"https:\/\/blog.polityka.pl\/adamczewski\/wp-json\/wp\/v2\/posts"}],"about":[{"href":"https:\/\/blog.polityka.pl\/adamczewski\/wp-json\/wp\/v2\/types\/post"}],"author":[{"embeddable":true,"href":"https:\/\/blog.polityka.pl\/adamczewski\/wp-json\/wp\/v2\/users\/2"}],"replies":[{"embeddable":true,"href":"https:\/\/blog.polityka.pl\/adamczewski\/wp-json\/wp\/v2\/comments?post=10954"}],"version-history":[{"count":0,"href":"https:\/\/blog.polityka.pl\/adamczewski\/wp-json\/wp\/v2\/posts\/10954\/revisions"}],"wp:attachment":[{"href":"https:\/\/blog.polityka.pl\/adamczewski\/wp-json\/wp\/v2\/media?parent=10954"}],"wp:term":[{"taxonomy":"category","embeddable":true,"href":"https:\/\/blog.polityka.pl\/adamczewski\/wp-json\/wp\/v2\/categories?post=10954"},{"taxonomy":"post_tag","embeddable":true,"href":"https:\/\/blog.polityka.pl\/adamczewski\/wp-json\/wp\/v2\/tags?post=10954"}],"curies":[{"name":"wp","href":"https:\/\/api.w.org\/{rel}","templated":true}]}}