
{"id":10955,"date":"2011-12-02T06:46:50","date_gmt":"2011-12-02T05:46:50","guid":{"rendered":"http:\/\/adamczewscy.pl\/?p=3348"},"modified":"2011-12-02T06:46:50","modified_gmt":"2011-12-02T05:46:50","slug":"losos-zapiekany","status":"publish","type":"post","link":"https:\/\/blog.polityka.pl\/adamczewski\/2011\/12\/02\/losos-zapiekany\/","title":{"rendered":"\u0141oso\u015b zapiekany"},"content":{"rendered":"<p><em>4 porcje filetu z \u0142ososia norweskiego, z\u0105bek czosnku, \u0142y\u017cka posiekanej zielonej pietruszki, szklanka startego \u017c\u00f3\u0142tego sera, ? szklanki \u015bmietany 12-proc., ? szklanki jogurtu naturalnego, s\u00f3l, pieprz, oliwa<\/em><\/p>\n<p>1. \u0141ososia posypa\u0107 sol\u0105 i pieprzem, u\u0142o\u017cy\u0107 na \u017caroodpornym p\u00f3\u0142misku posmarowanym oliw\u0105, pod przykryciem z aluminiowej folii piec 20 minut w temperaturze 220 st. C.<br \/>\n2. Wymiesza\u0107 \u015bmietan\u0119 z jogurtem, doda\u0107 przeci\u015bni\u0119ty przez prask\u0119 czosnek, siekan\u0105 zielon\u0105 pietruszk\u0119 i starty ser.<br \/>\n3. Sosem pola\u0107 upieczon\u0105 ryb\u0119 i zapieka\u0107 15 minut. Podawa\u0107 od razu. <\/p>\n","protected":false},"excerpt":{"rendered":"<p>4 porcje filetu z \u0142ososia norweskiego, z\u0105bek czosnku, \u0142y\u017cka posiekanej zielonej pietruszki, szklanka startego \u017c\u00f3\u0142tego sera, ? szklanki \u015bmietany 12-proc., ? szklanki jogurtu naturalnego, s\u00f3l, pieprz, oliwa 1. \u0141ososia posypa\u0107 sol\u0105 i pieprzem, u\u0142o\u017cy\u0107 na \u017caroodpornym p\u00f3\u0142misku posmarowanym oliw\u0105, pod przykryciem z aluminiowej folii piec 20 minut w temperaturze 220 st. C. 2. Wymiesza\u0107 \u015bmietan\u0119 [&hellip;]<\/p>\n","protected":false},"author":2,"featured_media":0,"comment_status":"open","ping_status":"open","sticky":false,"template":"","format":"standard","meta":{"footnotes":""},"categories":[1],"tags":[],"_links":{"self":[{"href":"https:\/\/blog.polityka.pl\/adamczewski\/wp-json\/wp\/v2\/posts\/10955"}],"collection":[{"href":"https:\/\/blog.polityka.pl\/adamczewski\/wp-json\/wp\/v2\/posts"}],"about":[{"href":"https:\/\/blog.polityka.pl\/adamczewski\/wp-json\/wp\/v2\/types\/post"}],"author":[{"embeddable":true,"href":"https:\/\/blog.polityka.pl\/adamczewski\/wp-json\/wp\/v2\/users\/2"}],"replies":[{"embeddable":true,"href":"https:\/\/blog.polityka.pl\/adamczewski\/wp-json\/wp\/v2\/comments?post=10955"}],"version-history":[{"count":0,"href":"https:\/\/blog.polityka.pl\/adamczewski\/wp-json\/wp\/v2\/posts\/10955\/revisions"}],"wp:attachment":[{"href":"https:\/\/blog.polityka.pl\/adamczewski\/wp-json\/wp\/v2\/media?parent=10955"}],"wp:term":[{"taxonomy":"category","embeddable":true,"href":"https:\/\/blog.polityka.pl\/adamczewski\/wp-json\/wp\/v2\/categories?post=10955"},{"taxonomy":"post_tag","embeddable":true,"href":"https:\/\/blog.polityka.pl\/adamczewski\/wp-json\/wp\/v2\/tags?post=10955"}],"curies":[{"name":"wp","href":"https:\/\/api.w.org\/{rel}","templated":true}]}}