
{"id":10963,"date":"2011-12-16T07:25:55","date_gmt":"2011-12-16T06:25:55","guid":{"rendered":"http:\/\/adamczewscy.pl\/?p=3358"},"modified":"2011-12-16T07:25:55","modified_gmt":"2011-12-16T06:25:55","slug":"kurczak-w-owocach","status":"publish","type":"post","link":"https:\/\/blog.polityka.pl\/adamczewski\/2011\/12\/16\/kurczak-w-owocach\/","title":{"rendered":"Kurczak w owocach"},"content":{"rendered":"<p><em>Kurczak wagi ok. 1,5-1,6 kg, 2 \u0142y\u017cki mas\u0142a, 1 kg mieszanych owoc\u00f3w: jab\u0142ka, gruszki, pomara\u0144cze, banany (tych ostatnich nie zbyt du\u017co) s\u00f3l, \u0107wier\u0107 \u0142y\u017ceczki ostrej papryki w proszku<\/em><\/p>\n<p>1. Kurczaka oczy\u015bci\u0107, posmarowa\u0107 sol\u0105 i lekko posypa\u0107 ostr\u0105 papryk\u0105. Odstawi\u0107.<br \/>\n2. Przygotowa\u0107 owoce kroj\u0105 je na cz\u0105stki (jab\u0142ka i gruszki nie musz\u0105 by\u0107 obrane ze sk\u00f3rki).<br \/>\n3. Do wn\u0119trza tuszki w\u0142o\u017cy\u0107 po\u0142ow\u0119 przygotowanych owoc\u00f3w, pozosta\u0142e wraz z tuszk\u0105 u\u0142o\u017cy\u0107 w brytfannie, pola\u0107 stopionym mas\u0142em i piec w piekarniku nagrzanym do 180 st. C oko\u0142o 1, 5 godziny, polewaj\u0105c wytwarzaj\u0105cym si\u0119 sosem. Podawa\u0107 mi\u0119so pokrojone i ob\u0142o\u017cone owocami. <\/p>\n","protected":false},"excerpt":{"rendered":"<p>Kurczak wagi ok. 1,5-1,6 kg, 2 \u0142y\u017cki mas\u0142a, 1 kg mieszanych owoc\u00f3w: jab\u0142ka, gruszki, pomara\u0144cze, banany (tych ostatnich nie zbyt du\u017co) s\u00f3l, \u0107wier\u0107 \u0142y\u017ceczki ostrej papryki w proszku 1. Kurczaka oczy\u015bci\u0107, posmarowa\u0107 sol\u0105 i lekko posypa\u0107 ostr\u0105 papryk\u0105. Odstawi\u0107. 2. Przygotowa\u0107 owoce kroj\u0105 je na cz\u0105stki (jab\u0142ka i gruszki nie musz\u0105 by\u0107 obrane ze sk\u00f3rki). [&hellip;]<\/p>\n","protected":false},"author":2,"featured_media":0,"comment_status":"open","ping_status":"open","sticky":false,"template":"","format":"standard","meta":{"footnotes":""},"categories":[1],"tags":[],"_links":{"self":[{"href":"https:\/\/blog.polityka.pl\/adamczewski\/wp-json\/wp\/v2\/posts\/10963"}],"collection":[{"href":"https:\/\/blog.polityka.pl\/adamczewski\/wp-json\/wp\/v2\/posts"}],"about":[{"href":"https:\/\/blog.polityka.pl\/adamczewski\/wp-json\/wp\/v2\/types\/post"}],"author":[{"embeddable":true,"href":"https:\/\/blog.polityka.pl\/adamczewski\/wp-json\/wp\/v2\/users\/2"}],"replies":[{"embeddable":true,"href":"https:\/\/blog.polityka.pl\/adamczewski\/wp-json\/wp\/v2\/comments?post=10963"}],"version-history":[{"count":0,"href":"https:\/\/blog.polityka.pl\/adamczewski\/wp-json\/wp\/v2\/posts\/10963\/revisions"}],"wp:attachment":[{"href":"https:\/\/blog.polityka.pl\/adamczewski\/wp-json\/wp\/v2\/media?parent=10963"}],"wp:term":[{"taxonomy":"category","embeddable":true,"href":"https:\/\/blog.polityka.pl\/adamczewski\/wp-json\/wp\/v2\/categories?post=10963"},{"taxonomy":"post_tag","embeddable":true,"href":"https:\/\/blog.polityka.pl\/adamczewski\/wp-json\/wp\/v2\/tags?post=10963"}],"curies":[{"name":"wp","href":"https:\/\/api.w.org\/{rel}","templated":true}]}}