
{"id":10964,"date":"2011-12-16T07:26:36","date_gmt":"2011-12-16T06:26:36","guid":{"rendered":"http:\/\/adamczewscy.pl\/?p=3359"},"modified":"2011-12-16T07:26:36","modified_gmt":"2011-12-16T06:26:36","slug":"klops-w-smietanowej-polewie","status":"publish","type":"post","link":"https:\/\/blog.polityka.pl\/adamczewski\/2011\/12\/16\/klops-w-smietanowej-polewie\/","title":{"rendered":"Klops w \u015bmietanowej polewie"},"content":{"rendered":"<p><em>1 kg mi\u0119sa ze schabu karkowego, 2 czerstwe kajzerki, 2 jajka, 2 cebule, s\u00f3l, pieprz, 3 \u0142y\u017cki oleju, s\u0142odka mielona papryka szklanka \u015bmietany, \u0142y\u017ceczka m\u0105ki<\/em><\/p>\n<p>1. Kajzerki namoczy\u0107 w wodzie, odcisn\u0105\u0107. Mi\u0119so umy\u0107, osuszy\u0107, pokroi\u0107 na drobniejsze kawa\u0142ki, cebul\u0119 pokroi\u0107 w cz\u0105stki. Wszystko razem zemle\u0107 w maszynce do mi\u0119sa.<br \/>\n2. Do mi\u0119sa doda\u0107 jajka, przyprawy i bardzo dok\u0142adnie wyrobi\u0107.<br \/>\n3. W w\u0105skiej foremce wysmarowanej olejem u\u0142o\u017cy\u0107 mi\u0119so, wyg\u0142adzi\u0107 pola\u0107 pozosta\u0142ym olejem. Piec w nagrzanym do 190 st. C piekarniku oko\u0142o 50 minut.<br \/>\n4. Wymiesza\u0107 \u015bmietan\u0119 z m\u0105k\u0105 i odrobin\u0105 soli, zala\u0107 klops i zapieka\u0107 jeszcze 15 minut. <\/p>\n","protected":false},"excerpt":{"rendered":"<p>1 kg mi\u0119sa ze schabu karkowego, 2 czerstwe kajzerki, 2 jajka, 2 cebule, s\u00f3l, pieprz, 3 \u0142y\u017cki oleju, s\u0142odka mielona papryka szklanka \u015bmietany, \u0142y\u017ceczka m\u0105ki 1. Kajzerki namoczy\u0107 w wodzie, odcisn\u0105\u0107. Mi\u0119so umy\u0107, osuszy\u0107, pokroi\u0107 na drobniejsze kawa\u0142ki, cebul\u0119 pokroi\u0107 w cz\u0105stki. Wszystko razem zemle\u0107 w maszynce do mi\u0119sa. 2. Do mi\u0119sa doda\u0107 jajka, przyprawy [&hellip;]<\/p>\n","protected":false},"author":2,"featured_media":0,"comment_status":"open","ping_status":"open","sticky":false,"template":"","format":"standard","meta":{"footnotes":""},"categories":[1],"tags":[],"_links":{"self":[{"href":"https:\/\/blog.polityka.pl\/adamczewski\/wp-json\/wp\/v2\/posts\/10964"}],"collection":[{"href":"https:\/\/blog.polityka.pl\/adamczewski\/wp-json\/wp\/v2\/posts"}],"about":[{"href":"https:\/\/blog.polityka.pl\/adamczewski\/wp-json\/wp\/v2\/types\/post"}],"author":[{"embeddable":true,"href":"https:\/\/blog.polityka.pl\/adamczewski\/wp-json\/wp\/v2\/users\/2"}],"replies":[{"embeddable":true,"href":"https:\/\/blog.polityka.pl\/adamczewski\/wp-json\/wp\/v2\/comments?post=10964"}],"version-history":[{"count":0,"href":"https:\/\/blog.polityka.pl\/adamczewski\/wp-json\/wp\/v2\/posts\/10964\/revisions"}],"wp:attachment":[{"href":"https:\/\/blog.polityka.pl\/adamczewski\/wp-json\/wp\/v2\/media?parent=10964"}],"wp:term":[{"taxonomy":"category","embeddable":true,"href":"https:\/\/blog.polityka.pl\/adamczewski\/wp-json\/wp\/v2\/categories?post=10964"},{"taxonomy":"post_tag","embeddable":true,"href":"https:\/\/blog.polityka.pl\/adamczewski\/wp-json\/wp\/v2\/tags?post=10964"}],"curies":[{"name":"wp","href":"https:\/\/api.w.org\/{rel}","templated":true}]}}