
{"id":10966,"date":"2011-12-16T07:28:08","date_gmt":"2011-12-16T06:28:08","guid":{"rendered":"http:\/\/adamczewscy.pl\/?p=3361"},"modified":"2011-12-16T07:28:08","modified_gmt":"2011-12-16T06:28:08","slug":"makowa-babka","status":"publish","type":"post","link":"https:\/\/blog.polityka.pl\/adamczewski\/2011\/12\/16\/makowa-babka\/","title":{"rendered":"Makowa babka"},"content":{"rendered":"<p><em>4 jajka, 20 dag mas\u0142a, szklanka cukru, szklanka m\u0105ki, szklanka maku, \u0142y\u017ceczka proszku do pieczenia, 4 krople olejku waniliowego, sk\u00f3rka z cytryny,<br \/>\nDo wysmarowania formy: \u0142y\u017ceczka mas\u0142a, \u0142y\u017cka tartej bulki<br \/>\nNa lukier: 2 \u0142y\u017cki soku z cytryny, 3-4 \u0142y\u017cki cukru pudru<\/em><\/p>\n<p>1. Mas\u0142o, mak i ? szklanki cukru zagotowa\u0107 w garnku, mieszaj\u0105c. Troch\u0119 ostudzi\u0107.<br \/>\n2. Oddzieli\u0107 bia\u0142ka od \u017c\u00f3\u0142tek, te ostatnie utrze\u0107 z pozosta\u0142ym cukrem, doda\u0107 m\u0105k\u0119, mas\u0119 makow\u0105, olejek waniliowy i start\u0105 z cytryny sk\u00f3rk\u0119 oraz proszek do pieczenia. Zmiksowa\u0107.<br \/>\n3. Ubi\u0107 sztywn\u0105 pian\u0119 z bia\u0142ek, wymiesza\u0107 z ciastem.<br \/>\n4. Nape\u0142ni\u0107 ciastem form\u0119 wysmarowan\u0105 mas\u0142em i wysypan\u0105 tart\u0105 bu\u0142k\u0105.<br \/>\n5. Piec w temperaturze 200 st C oko\u0142o 50 minut.<br \/>\n6. Wyj\u0119t\u0105 z piekarnika babk\u0119 ostudzi\u0107 i pola\u0107 lukrem przygotowanym z wymieszanego z sokiem cytrynowym dosypywanym po trochu cukrem pudrem. <\/p>\n","protected":false},"excerpt":{"rendered":"<p>4 jajka, 20 dag mas\u0142a, szklanka cukru, szklanka m\u0105ki, szklanka maku, \u0142y\u017ceczka proszku do pieczenia, 4 krople olejku waniliowego, sk\u00f3rka z cytryny, Do wysmarowania formy: \u0142y\u017ceczka mas\u0142a, \u0142y\u017cka tartej bulki Na lukier: 2 \u0142y\u017cki soku z cytryny, 3-4 \u0142y\u017cki cukru pudru 1. Mas\u0142o, mak i ? szklanki cukru zagotowa\u0107 w garnku, mieszaj\u0105c. Troch\u0119 ostudzi\u0107. 2. [&hellip;]<\/p>\n","protected":false},"author":2,"featured_media":0,"comment_status":"open","ping_status":"open","sticky":false,"template":"","format":"standard","meta":{"footnotes":""},"categories":[1],"tags":[],"_links":{"self":[{"href":"https:\/\/blog.polityka.pl\/adamczewski\/wp-json\/wp\/v2\/posts\/10966"}],"collection":[{"href":"https:\/\/blog.polityka.pl\/adamczewski\/wp-json\/wp\/v2\/posts"}],"about":[{"href":"https:\/\/blog.polityka.pl\/adamczewski\/wp-json\/wp\/v2\/types\/post"}],"author":[{"embeddable":true,"href":"https:\/\/blog.polityka.pl\/adamczewski\/wp-json\/wp\/v2\/users\/2"}],"replies":[{"embeddable":true,"href":"https:\/\/blog.polityka.pl\/adamczewski\/wp-json\/wp\/v2\/comments?post=10966"}],"version-history":[{"count":0,"href":"https:\/\/blog.polityka.pl\/adamczewski\/wp-json\/wp\/v2\/posts\/10966\/revisions"}],"wp:attachment":[{"href":"https:\/\/blog.polityka.pl\/adamczewski\/wp-json\/wp\/v2\/media?parent=10966"}],"wp:term":[{"taxonomy":"category","embeddable":true,"href":"https:\/\/blog.polityka.pl\/adamczewski\/wp-json\/wp\/v2\/categories?post=10966"},{"taxonomy":"post_tag","embeddable":true,"href":"https:\/\/blog.polityka.pl\/adamczewski\/wp-json\/wp\/v2\/tags?post=10966"}],"curies":[{"name":"wp","href":"https:\/\/api.w.org\/{rel}","templated":true}]}}