
{"id":10967,"date":"2011-12-16T07:28:46","date_gmt":"2011-12-16T06:28:46","guid":{"rendered":"http:\/\/adamczewscy.pl\/?p=3362"},"modified":"2011-12-16T07:28:46","modified_gmt":"2011-12-16T06:28:46","slug":"placek-orzechowy","status":"publish","type":"post","link":"https:\/\/blog.polityka.pl\/adamczewski\/2011\/12\/16\/placek-orzechowy\/","title":{"rendered":"Placek orzechowy"},"content":{"rendered":"<p><em>20 dag \u0142uskanych w\u0142oskich orzech\u00f3w, 20 dag mas\u0142a, 4 jajka, szklanka cukru, cukier waniliowy, szklanka i ? szklanki m\u0105ki, 2 \u0142y\u017ceczki proszku do pieczenia, 2 \u0142y\u017cki ciemnego kakao, 3 \u0142y\u017cki \u015bmietany<br \/>\nNa warstw\u0119 wierzchni\u0105 ciasta: 15 dag mielonych migda\u0142\u00f3w, 3 bia\u0142ka, 4 \u0142y\u017cki cukru pudru<br \/>\nDo wysmarowania formy: \u0142y\u017ceczka mas\u0142a<br \/>\nDo posypania: 2 \u0142y\u017cki tartej bu\u0142ki<\/em><\/p>\n<p>1. Orzechy posieka\u0107.<br \/>\n2. Utrze\u0107 mikserem na puszyst\u0105 mas\u0119 mas\u0142o z cukrem, kakao, cukrem waniliowym i dodawanymi po jednym jajkami. Do masy doda\u0107 po trochu m\u0105k\u0119 a nast\u0119pnie orzechy i \u015bmietan\u0119. Dok\u0142adnie wymiesza\u0107.<br \/>\n3. Na wysmarowan\u0105 mas\u0142em i wysypan\u0105 tart\u0105 bu\u0142k\u0105 blaszk\u0119 wy\u0142o\u017cy\u0107 ciasto, wyr\u00f3wna\u0107 wierzch.<br \/>\n4. W nagrzanym do 180 st. C piekarniku piec ciasto45 minut.<br \/>\n5. Bia\u0142ka ubi\u0107 z cukrem pudrem na sztywn\u0105 pian\u0119, doda\u0107 zmielone migda\u0142y i wymiesza\u0107. Przy pomocy szprycy (kt\u00f3r\u0105 mo\u017cna zast\u0105pi\u0107 plastikowym czystym woreczkiem z odci\u0119tym jednym ro\u017ckiem). Na ciep\u0142y jeszcze sp\u00f3d wyciska\u0107 ozdobnie migda\u0142ow\u0105 piank\u0119 i zapieka\u0107 jeszcze 15 minut w nagrzanym do 200 st. C piekarniku. <\/p>\n","protected":false},"excerpt":{"rendered":"<p>20 dag \u0142uskanych w\u0142oskich orzech\u00f3w, 20 dag mas\u0142a, 4 jajka, szklanka cukru, cukier waniliowy, szklanka i ? szklanki m\u0105ki, 2 \u0142y\u017ceczki proszku do pieczenia, 2 \u0142y\u017cki ciemnego kakao, 3 \u0142y\u017cki \u015bmietany Na warstw\u0119 wierzchni\u0105 ciasta: 15 dag mielonych migda\u0142\u00f3w, 3 bia\u0142ka, 4 \u0142y\u017cki cukru pudru Do wysmarowania formy: \u0142y\u017ceczka mas\u0142a Do posypania: 2 \u0142y\u017cki tartej [&hellip;]<\/p>\n","protected":false},"author":2,"featured_media":0,"comment_status":"open","ping_status":"open","sticky":false,"template":"","format":"standard","meta":{"footnotes":""},"categories":[1],"tags":[],"_links":{"self":[{"href":"https:\/\/blog.polityka.pl\/adamczewski\/wp-json\/wp\/v2\/posts\/10967"}],"collection":[{"href":"https:\/\/blog.polityka.pl\/adamczewski\/wp-json\/wp\/v2\/posts"}],"about":[{"href":"https:\/\/blog.polityka.pl\/adamczewski\/wp-json\/wp\/v2\/types\/post"}],"author":[{"embeddable":true,"href":"https:\/\/blog.polityka.pl\/adamczewski\/wp-json\/wp\/v2\/users\/2"}],"replies":[{"embeddable":true,"href":"https:\/\/blog.polityka.pl\/adamczewski\/wp-json\/wp\/v2\/comments?post=10967"}],"version-history":[{"count":0,"href":"https:\/\/blog.polityka.pl\/adamczewski\/wp-json\/wp\/v2\/posts\/10967\/revisions"}],"wp:attachment":[{"href":"https:\/\/blog.polityka.pl\/adamczewski\/wp-json\/wp\/v2\/media?parent=10967"}],"wp:term":[{"taxonomy":"category","embeddable":true,"href":"https:\/\/blog.polityka.pl\/adamczewski\/wp-json\/wp\/v2\/categories?post=10967"},{"taxonomy":"post_tag","embeddable":true,"href":"https:\/\/blog.polityka.pl\/adamczewski\/wp-json\/wp\/v2\/tags?post=10967"}],"curies":[{"name":"wp","href":"https:\/\/api.w.org\/{rel}","templated":true}]}}