
{"id":10968,"date":"2011-12-23T06:22:12","date_gmt":"2011-12-23T05:22:12","guid":{"rendered":"http:\/\/adamczewscy.pl\/?p=3365"},"modified":"2011-12-23T06:22:12","modified_gmt":"2011-12-23T05:22:12","slug":"zupa-z-wedzonej-piersi-kurczaka","status":"publish","type":"post","link":"https:\/\/blog.polityka.pl\/adamczewski\/2011\/12\/23\/zupa-z-wedzonej-piersi-kurczaka\/","title":{"rendered":"Zupa z w\u0119dzonej piersi kurczaka"},"content":{"rendered":"<p><em>Podw\u00f3jna pier\u015b w\u0119dzonego kurczaka, 2 \u0142odygi selera naciowego, 2 szklanki roso\u0142u drobiowego, 2 szklanki s\u0142odkiej niskoprocentowej \u015bmietanki, 2 \u0142y\u017cki posiekanych orzech\u00f3w laskowych lub w\u0142oskich, 4 \u0142y\u017cki konserwowej kukurydzy, 1\/2 \u0142y\u017ceczki startej ga\u0142ki muszkato\u0142owej, s\u00f3l, pieprz.<br \/>\nJako dodatek: 4 kromki chleba tostowego.<br \/>\n<\/em><br \/>\n1. Mi\u0119so z piersi w\u0119dzonego kurczaka pokroi\u0107 na drobne kawa\u0142ki, \u0142odygi selera naciowego posieka\u0107 jak najdrobniej. Doda\u0107 do gor\u0105cego roso\u0142u i gotowa\u0107 15 minut, po czym zmiksowa\u0107 na g\u0142adki krem.<br \/>\n2. Do zupy doda\u0107 posiekane orzechy, kukurydz\u0119,  powoli wlewaj\u0105c i podgrzewaj\u0105c \u015bmietan\u0119. Doprawi\u0107 sol\u0105 i pieprzem oraz, na koniec, ga\u0142k\u0105 muszkato\u0142ow\u0105.<br \/>\n Kromki chleba tostowego podpiec w tosterze i poda\u0107 do zupy. <\/p>\n","protected":false},"excerpt":{"rendered":"<p>Podw\u00f3jna pier\u015b w\u0119dzonego kurczaka, 2 \u0142odygi selera naciowego, 2 szklanki roso\u0142u drobiowego, 2 szklanki s\u0142odkiej niskoprocentowej \u015bmietanki, 2 \u0142y\u017cki posiekanych orzech\u00f3w laskowych lub w\u0142oskich, 4 \u0142y\u017cki konserwowej kukurydzy, 1\/2 \u0142y\u017ceczki startej ga\u0142ki muszkato\u0142owej, s\u00f3l, pieprz. Jako dodatek: 4 kromki chleba tostowego. 1. Mi\u0119so z piersi w\u0119dzonego kurczaka pokroi\u0107 na drobne kawa\u0142ki, \u0142odygi selera naciowego posieka\u0107 [&hellip;]<\/p>\n","protected":false},"author":2,"featured_media":0,"comment_status":"open","ping_status":"open","sticky":false,"template":"","format":"standard","meta":{"footnotes":""},"categories":[1],"tags":[],"_links":{"self":[{"href":"https:\/\/blog.polityka.pl\/adamczewski\/wp-json\/wp\/v2\/posts\/10968"}],"collection":[{"href":"https:\/\/blog.polityka.pl\/adamczewski\/wp-json\/wp\/v2\/posts"}],"about":[{"href":"https:\/\/blog.polityka.pl\/adamczewski\/wp-json\/wp\/v2\/types\/post"}],"author":[{"embeddable":true,"href":"https:\/\/blog.polityka.pl\/adamczewski\/wp-json\/wp\/v2\/users\/2"}],"replies":[{"embeddable":true,"href":"https:\/\/blog.polityka.pl\/adamczewski\/wp-json\/wp\/v2\/comments?post=10968"}],"version-history":[{"count":0,"href":"https:\/\/blog.polityka.pl\/adamczewski\/wp-json\/wp\/v2\/posts\/10968\/revisions"}],"wp:attachment":[{"href":"https:\/\/blog.polityka.pl\/adamczewski\/wp-json\/wp\/v2\/media?parent=10968"}],"wp:term":[{"taxonomy":"category","embeddable":true,"href":"https:\/\/blog.polityka.pl\/adamczewski\/wp-json\/wp\/v2\/categories?post=10968"},{"taxonomy":"post_tag","embeddable":true,"href":"https:\/\/blog.polityka.pl\/adamczewski\/wp-json\/wp\/v2\/tags?post=10968"}],"curies":[{"name":"wp","href":"https:\/\/api.w.org\/{rel}","templated":true}]}}