
{"id":10969,"date":"2011-12-23T06:22:51","date_gmt":"2011-12-23T05:22:51","guid":{"rendered":"http:\/\/adamczewscy.pl\/?p=3366"},"modified":"2011-12-23T06:22:51","modified_gmt":"2011-12-23T05:22:51","slug":"kurczak-pod-parmezanem","status":"publish","type":"post","link":"https:\/\/blog.polityka.pl\/adamczewski\/2011\/12\/23\/kurczak-pod-parmezanem\/","title":{"rendered":"Kurczak pod parmezanem"},"content":{"rendered":"<p><em>Kurczak wagi 1, 2 &#8211; 1, 6 kg, \u0142y\u017cka mas\u0142a, szklanka \u015bmietany 12%, \u0142y\u017cka m\u0105ki, jajko, 1\/2 szklanki startego parmezanu, 2 \u0142y\u017cki tartej bu\u0142ki, s\u00f3l, pieprz.<br \/>\n<\/em><br \/>\n1. Kurczaka pokroi\u0107 na \u0107wiartki, posoli\u0107, w\u0142o\u017cy\u0107 do garnka na roztopione mas\u0142o i dusi\u0107, w miar\u0119 potrzeby podlewaj\u0105c po \u0142y\u017cce wody, a\u017c mi\u0119so b\u0119dzie mi\u0119kkie.<br \/>\n2. Mi\u0119kkiego kurczaka u\u0142o\u017cy\u0107 na \u017caroodpornym p\u00f3\u0142misku.<br \/>\n3. \u015amietan\u0119 wymiesza\u0107 z jajkiem i m\u0105k\u0105 i pola\u0107 mi\u0119so, wierzch potrawy posypa\u0107 wymieszanym z tart\u0105 bu\u0142k\u0105 parmezanem.<br \/>\n4. Zapieka\u0107 w piekarniku, a\u017c utworzy si\u0119 apetyczna,  rumiana sk\u00f3rka. <\/p>\n","protected":false},"excerpt":{"rendered":"<p>Kurczak wagi 1, 2 &#8211; 1, 6 kg, \u0142y\u017cka mas\u0142a, szklanka \u015bmietany 12%, \u0142y\u017cka m\u0105ki, jajko, 1\/2 szklanki startego parmezanu, 2 \u0142y\u017cki tartej bu\u0142ki, s\u00f3l, pieprz. 1. Kurczaka pokroi\u0107 na \u0107wiartki, posoli\u0107, w\u0142o\u017cy\u0107 do garnka na roztopione mas\u0142o i dusi\u0107, w miar\u0119 potrzeby podlewaj\u0105c po \u0142y\u017cce wody, a\u017c mi\u0119so b\u0119dzie mi\u0119kkie. 2. Mi\u0119kkiego kurczaka u\u0142o\u017cy\u0107 [&hellip;]<\/p>\n","protected":false},"author":2,"featured_media":0,"comment_status":"open","ping_status":"open","sticky":false,"template":"","format":"standard","meta":{"footnotes":""},"categories":[1],"tags":[],"_links":{"self":[{"href":"https:\/\/blog.polityka.pl\/adamczewski\/wp-json\/wp\/v2\/posts\/10969"}],"collection":[{"href":"https:\/\/blog.polityka.pl\/adamczewski\/wp-json\/wp\/v2\/posts"}],"about":[{"href":"https:\/\/blog.polityka.pl\/adamczewski\/wp-json\/wp\/v2\/types\/post"}],"author":[{"embeddable":true,"href":"https:\/\/blog.polityka.pl\/adamczewski\/wp-json\/wp\/v2\/users\/2"}],"replies":[{"embeddable":true,"href":"https:\/\/blog.polityka.pl\/adamczewski\/wp-json\/wp\/v2\/comments?post=10969"}],"version-history":[{"count":0,"href":"https:\/\/blog.polityka.pl\/adamczewski\/wp-json\/wp\/v2\/posts\/10969\/revisions"}],"wp:attachment":[{"href":"https:\/\/blog.polityka.pl\/adamczewski\/wp-json\/wp\/v2\/media?parent=10969"}],"wp:term":[{"taxonomy":"category","embeddable":true,"href":"https:\/\/blog.polityka.pl\/adamczewski\/wp-json\/wp\/v2\/categories?post=10969"},{"taxonomy":"post_tag","embeddable":true,"href":"https:\/\/blog.polityka.pl\/adamczewski\/wp-json\/wp\/v2\/tags?post=10969"}],"curies":[{"name":"wp","href":"https:\/\/api.w.org\/{rel}","templated":true}]}}