
{"id":10970,"date":"2011-12-23T06:24:15","date_gmt":"2011-12-23T05:24:15","guid":{"rendered":"http:\/\/adamczewscy.pl\/?p=3368"},"modified":"2011-12-23T06:24:15","modified_gmt":"2011-12-23T05:24:15","slug":"kurczak-we-francuskim-ciescie","status":"publish","type":"post","link":"https:\/\/blog.polityka.pl\/adamczewski\/2011\/12\/23\/kurczak-we-francuskim-ciescie\/","title":{"rendered":"Kurczak we francuskim cie\u015bcie"},"content":{"rendered":"<p><em>Du\u017cy podw\u00f3jny filet z kurczaka, czerwona papryka, zielona papryka, 1\/2 szklanki czarnych oliwek, 2 \u0142y\u017cki startego na tarce ostrego \u017c\u00f3\u0142tego sera, 2 \u0142y\u017cki siekanych li\u015bci \u015bwie\u017cej bazylii, opakowanie gotowego ciasta francuskiego, jajko, s\u00f3l, pieprz.<br \/>\n<\/em><br \/>\n1. Filety zbi\u0107 t\u0142uczkiem na cienkie p\u0142aty, po czym pokroi\u0107 na mniejsze kawa\u0142ki, posypa\u0107 sol\u0105 i pieprzem.<br \/>\n2. Papryk\u0119 podpiec w piekarniku, a\u017c sk\u00f3rka zacznie br\u0105zowie\u0107, w\u00f3wczas w\u0142o\u017cy\u0107 j\u0105 do plastikowego woreczka a kiedy wystygnie zdj\u0105\u0107 sk\u00f3rk\u0119. Usun\u0105\u0107 gniazda nasienne i pokroi\u0107 papryk\u0119 w paski.<br \/>\n3. Rozmro\u017cone ciasto francuskie roz\u0142o\u017cy\u0107, posmarowa\u0107 jajkiem rozbitym z \u0142y\u017ceczk\u0105 wody, posypa\u0107 serem, na nim u\u0142o\u017cy\u0107 mi\u0119so, na mi\u0119sie paski papryki i pokrojone w kr\u0105\u017cki oliwki bez pestek. Ciasto zwin\u0105\u0107 w rulon, posmarowa\u0107 wierzch obficie jajkiem.<br \/>\n4. Wstawi\u0107 do piekarnika o temperaturze 180 st.  C. Piec 35 &#8211; 40 minut; gdyby zbyt szybko si\u0119 rumieni\u0142o zmniejszy\u0107 temperatur\u0119. Podawa\u0107 z sosem pomidorowym lub z dodatkiem pikantnego soku pomidorowego. <\/p>\n","protected":false},"excerpt":{"rendered":"<p>Du\u017cy podw\u00f3jny filet z kurczaka, czerwona papryka, zielona papryka, 1\/2 szklanki czarnych oliwek, 2 \u0142y\u017cki startego na tarce ostrego \u017c\u00f3\u0142tego sera, 2 \u0142y\u017cki siekanych li\u015bci \u015bwie\u017cej bazylii, opakowanie gotowego ciasta francuskiego, jajko, s\u00f3l, pieprz. 1. Filety zbi\u0107 t\u0142uczkiem na cienkie p\u0142aty, po czym pokroi\u0107 na mniejsze kawa\u0142ki, posypa\u0107 sol\u0105 i pieprzem. 2. Papryk\u0119 podpiec w [&hellip;]<\/p>\n","protected":false},"author":2,"featured_media":0,"comment_status":"open","ping_status":"open","sticky":false,"template":"","format":"standard","meta":{"footnotes":""},"categories":[1],"tags":[],"_links":{"self":[{"href":"https:\/\/blog.polityka.pl\/adamczewski\/wp-json\/wp\/v2\/posts\/10970"}],"collection":[{"href":"https:\/\/blog.polityka.pl\/adamczewski\/wp-json\/wp\/v2\/posts"}],"about":[{"href":"https:\/\/blog.polityka.pl\/adamczewski\/wp-json\/wp\/v2\/types\/post"}],"author":[{"embeddable":true,"href":"https:\/\/blog.polityka.pl\/adamczewski\/wp-json\/wp\/v2\/users\/2"}],"replies":[{"embeddable":true,"href":"https:\/\/blog.polityka.pl\/adamczewski\/wp-json\/wp\/v2\/comments?post=10970"}],"version-history":[{"count":0,"href":"https:\/\/blog.polityka.pl\/adamczewski\/wp-json\/wp\/v2\/posts\/10970\/revisions"}],"wp:attachment":[{"href":"https:\/\/blog.polityka.pl\/adamczewski\/wp-json\/wp\/v2\/media?parent=10970"}],"wp:term":[{"taxonomy":"category","embeddable":true,"href":"https:\/\/blog.polityka.pl\/adamczewski\/wp-json\/wp\/v2\/categories?post=10970"},{"taxonomy":"post_tag","embeddable":true,"href":"https:\/\/blog.polityka.pl\/adamczewski\/wp-json\/wp\/v2\/tags?post=10970"}],"curies":[{"name":"wp","href":"https:\/\/api.w.org\/{rel}","templated":true}]}}