
{"id":10971,"date":"2011-12-23T06:24:52","date_gmt":"2011-12-23T05:24:52","guid":{"rendered":"http:\/\/adamczewscy.pl\/?p=3369"},"modified":"2011-12-23T06:24:52","modified_gmt":"2011-12-23T05:24:52","slug":"gesia-piers-z-czosnkiem","status":"publish","type":"post","link":"https:\/\/blog.polityka.pl\/adamczewski\/2011\/12\/23\/gesia-piers-z-czosnkiem\/","title":{"rendered":"G\u0119sia pier\u015b z czosnkiem"},"content":{"rendered":"<p><em>Ca\u0142a pier\u015b g\u0119sia bez ko\u015bci, z\u0105bek czosnku, niedu\u017ca cebula, 1\/2 \u0142y\u017ceczki imbiru, 1\/2 \u0142y\u017cki m\u0105ki, s\u00f3l, \u0142y\u017cka oliwy <\/em><\/p>\n<p>1. Surow\u0105 pier\u015b g\u0119si\u0105 pokroi\u0107 na plastry.<br \/>\n2. Imbir wymiesza\u0107 z sol\u0105 i przeci\u015bni\u0119tym przez prask\u0119 czosnkiem; mieszank\u0105 t\u0105 przyprawi\u0107 plastry mi\u0119sa.<br \/>\n3. W g\u0142\u0119bokiej patelni lub garnku zeszkli\u0107 na t\u0142uszczu posiekan\u0105 drobno cebul\u0119, doda\u0107 mi\u0119so i na ma\u0142ym ogniu dusi\u0107 oko\u0142o 30 minut, w razie potrzeby skrapiaj\u0105c lekko wod\u0105.<br \/>\n4. Po tym czasie  posypa\u0107 mi\u0119so m\u0105k\u0105, podla\u0107 1\/2 szklanki gor\u0105cej wody i dalej dusi\u0107, a\u017c plastry g\u0119si b\u0119d\u0105 mi\u0119kkie. Podawa\u0107 z dodatkiem czerwonej kapusty i np. pieczonymi ziemniakami. <\/p>\n","protected":false},"excerpt":{"rendered":"<p>Ca\u0142a pier\u015b g\u0119sia bez ko\u015bci, z\u0105bek czosnku, niedu\u017ca cebula, 1\/2 \u0142y\u017ceczki imbiru, 1\/2 \u0142y\u017cki m\u0105ki, s\u00f3l, \u0142y\u017cka oliwy 1. Surow\u0105 pier\u015b g\u0119si\u0105 pokroi\u0107 na plastry. 2. Imbir wymiesza\u0107 z sol\u0105 i przeci\u015bni\u0119tym przez prask\u0119 czosnkiem; mieszank\u0105 t\u0105 przyprawi\u0107 plastry mi\u0119sa. 3. W g\u0142\u0119bokiej patelni lub garnku zeszkli\u0107 na t\u0142uszczu posiekan\u0105 drobno cebul\u0119, doda\u0107 mi\u0119so i [&hellip;]<\/p>\n","protected":false},"author":2,"featured_media":0,"comment_status":"open","ping_status":"open","sticky":false,"template":"","format":"standard","meta":{"footnotes":""},"categories":[1],"tags":[],"_links":{"self":[{"href":"https:\/\/blog.polityka.pl\/adamczewski\/wp-json\/wp\/v2\/posts\/10971"}],"collection":[{"href":"https:\/\/blog.polityka.pl\/adamczewski\/wp-json\/wp\/v2\/posts"}],"about":[{"href":"https:\/\/blog.polityka.pl\/adamczewski\/wp-json\/wp\/v2\/types\/post"}],"author":[{"embeddable":true,"href":"https:\/\/blog.polityka.pl\/adamczewski\/wp-json\/wp\/v2\/users\/2"}],"replies":[{"embeddable":true,"href":"https:\/\/blog.polityka.pl\/adamczewski\/wp-json\/wp\/v2\/comments?post=10971"}],"version-history":[{"count":0,"href":"https:\/\/blog.polityka.pl\/adamczewski\/wp-json\/wp\/v2\/posts\/10971\/revisions"}],"wp:attachment":[{"href":"https:\/\/blog.polityka.pl\/adamczewski\/wp-json\/wp\/v2\/media?parent=10971"}],"wp:term":[{"taxonomy":"category","embeddable":true,"href":"https:\/\/blog.polityka.pl\/adamczewski\/wp-json\/wp\/v2\/categories?post=10971"},{"taxonomy":"post_tag","embeddable":true,"href":"https:\/\/blog.polityka.pl\/adamczewski\/wp-json\/wp\/v2\/tags?post=10971"}],"curies":[{"name":"wp","href":"https:\/\/api.w.org\/{rel}","templated":true}]}}