
{"id":10973,"date":"2011-12-23T06:25:59","date_gmt":"2011-12-23T05:25:59","guid":{"rendered":"http:\/\/adamczewscy.pl\/?p=3371"},"modified":"2011-12-23T06:25:59","modified_gmt":"2011-12-23T05:25:59","slug":"kaczka-po-nelsonsku","status":"publish","type":"post","link":"https:\/\/blog.polityka.pl\/adamczewski\/2011\/12\/23\/kaczka-po-nelsonsku\/","title":{"rendered":"Kaczka po nelso\u0144sku"},"content":{"rendered":"<p><em>50 dag piersi kaczki, \u0142y\u017cka mas\u0142a, 10 suszonych grzyb\u00f3w, 10 ziemniak\u00f3w, 2 cebule, 2 \u0142y\u017cki \u015bmietany, \u0142y\u017cka m\u0105ki, s\u00f3l, pieprz<\/em><\/p>\n<p>1. Grzyby namoczy\u0107 w szklance wody, zagotowa\u0107, ostudzi\u0107 pokroi\u0107 w paski.<br \/>\n2. Ziemniaki obra\u0107, pokroi\u0107 w \u0107wiartki.<br \/>\n3. Piersi kacze pokroi\u0107 w plastry.<br \/>\n4. Na dnie garnka u\u0142o\u017cy\u0107 ziemniaki, grzyby, pokrojone w kr\u0105\u017cki cebule, na nich kawa\u0142ki kaczki, lekko posypa\u0107 m\u0105k\u0105.  Wywar z grzyb\u00f3w posoli\u0107, doda\u0107 pieprz i majeranek, wla\u0107 do garnka. Szczelnie okry\u0107 i nie mieszaj\u0105c lecz poruszaj\u0105c garnkiem, aby potrawa nie przywar\u0142a do dna,  dusi\u0107, a\u017c mi\u0119so i ziemniaki stan\u0105 si\u0119 mi\u0119kkie. <\/p>\n","protected":false},"excerpt":{"rendered":"<p>50 dag piersi kaczki, \u0142y\u017cka mas\u0142a, 10 suszonych grzyb\u00f3w, 10 ziemniak\u00f3w, 2 cebule, 2 \u0142y\u017cki \u015bmietany, \u0142y\u017cka m\u0105ki, s\u00f3l, pieprz 1. Grzyby namoczy\u0107 w szklance wody, zagotowa\u0107, ostudzi\u0107 pokroi\u0107 w paski. 2. Ziemniaki obra\u0107, pokroi\u0107 w \u0107wiartki. 3. Piersi kacze pokroi\u0107 w plastry. 4. Na dnie garnka u\u0142o\u017cy\u0107 ziemniaki, grzyby, pokrojone w kr\u0105\u017cki cebule, na [&hellip;]<\/p>\n","protected":false},"author":2,"featured_media":0,"comment_status":"open","ping_status":"open","sticky":false,"template":"","format":"standard","meta":{"footnotes":""},"categories":[1],"tags":[],"_links":{"self":[{"href":"https:\/\/blog.polityka.pl\/adamczewski\/wp-json\/wp\/v2\/posts\/10973"}],"collection":[{"href":"https:\/\/blog.polityka.pl\/adamczewski\/wp-json\/wp\/v2\/posts"}],"about":[{"href":"https:\/\/blog.polityka.pl\/adamczewski\/wp-json\/wp\/v2\/types\/post"}],"author":[{"embeddable":true,"href":"https:\/\/blog.polityka.pl\/adamczewski\/wp-json\/wp\/v2\/users\/2"}],"replies":[{"embeddable":true,"href":"https:\/\/blog.polityka.pl\/adamczewski\/wp-json\/wp\/v2\/comments?post=10973"}],"version-history":[{"count":0,"href":"https:\/\/blog.polityka.pl\/adamczewski\/wp-json\/wp\/v2\/posts\/10973\/revisions"}],"wp:attachment":[{"href":"https:\/\/blog.polityka.pl\/adamczewski\/wp-json\/wp\/v2\/media?parent=10973"}],"wp:term":[{"taxonomy":"category","embeddable":true,"href":"https:\/\/blog.polityka.pl\/adamczewski\/wp-json\/wp\/v2\/categories?post=10973"},{"taxonomy":"post_tag","embeddable":true,"href":"https:\/\/blog.polityka.pl\/adamczewski\/wp-json\/wp\/v2\/tags?post=10973"}],"curies":[{"name":"wp","href":"https:\/\/api.w.org\/{rel}","templated":true}]}}