
{"id":10975,"date":"2011-12-23T06:27:10","date_gmt":"2011-12-23T05:27:10","guid":{"rendered":"http:\/\/adamczewscy.pl\/?p=3373"},"modified":"2011-12-23T06:27:10","modified_gmt":"2011-12-23T05:27:10","slug":"perliczka-pieczona","status":"publish","type":"post","link":"https:\/\/blog.polityka.pl\/adamczewski\/2011\/12\/23\/perliczka-pieczona\/","title":{"rendered":"Perliczka pieczona"},"content":{"rendered":"<p><em>Perliczka, 10 pask\u00f3w \u015bwie\u017cej s\u0142oniny, \u0142y\u017cka mas\u0142a lub margaryny, s\u00f3l, \u0142y\u017ceczka do kawy mielonego imbiru<\/em><\/p>\n<p>1. Sprawi\u0107 perliczk\u0119 ? o ile jest w pi\u00f3rach, trzeba je ostro\u017cnie wyrywa\u0107, zgodnie z kierunkiem, w jakim rosn\u0105. Umy\u0107, osuszy\u0107 papierow\u0105 kuchenn\u0105 \u015bciereczk\u0105, posoli\u0107 wewn\u0105trz i z zewn\u0105trz.<br \/>\n2. Piersi naszpikowa\u0107 paskami s\u0142oniny (wk\u0142adaj\u0105c je pod sk\u00f3r\u0119).<br \/>\n3. Wymiesza\u0107 mas\u0142o z imbirem i posmarowa\u0107 nim ca\u0142\u0105 tuszk\u0119.<br \/>\n4. Nagrza\u0107 piekarnik i piec perliczk\u0119 w temperaturze 180 st C. Je\u017celi zbyt szybko si\u0119 rumieni nakry\u0107 na chwil\u0119 arkuszem folii aluminiowej. Polewa\u0107 stosunkowo cz\u0119sto wytapiaj\u0105cym si\u0119 t\u0142uszczem.<br \/>\nCho\u0107 smak mi\u0119sa perliczki przypomina smak dziczyzny jest to ptak hodowlany. <\/p>\n","protected":false},"excerpt":{"rendered":"<p>Perliczka, 10 pask\u00f3w \u015bwie\u017cej s\u0142oniny, \u0142y\u017cka mas\u0142a lub margaryny, s\u00f3l, \u0142y\u017ceczka do kawy mielonego imbiru 1. Sprawi\u0107 perliczk\u0119 ? o ile jest w pi\u00f3rach, trzeba je ostro\u017cnie wyrywa\u0107, zgodnie z kierunkiem, w jakim rosn\u0105. Umy\u0107, osuszy\u0107 papierow\u0105 kuchenn\u0105 \u015bciereczk\u0105, posoli\u0107 wewn\u0105trz i z zewn\u0105trz. 2. Piersi naszpikowa\u0107 paskami s\u0142oniny (wk\u0142adaj\u0105c je pod sk\u00f3r\u0119). 3. Wymiesza\u0107 [&hellip;]<\/p>\n","protected":false},"author":2,"featured_media":0,"comment_status":"open","ping_status":"open","sticky":false,"template":"","format":"standard","meta":{"footnotes":""},"categories":[1],"tags":[],"_links":{"self":[{"href":"https:\/\/blog.polityka.pl\/adamczewski\/wp-json\/wp\/v2\/posts\/10975"}],"collection":[{"href":"https:\/\/blog.polityka.pl\/adamczewski\/wp-json\/wp\/v2\/posts"}],"about":[{"href":"https:\/\/blog.polityka.pl\/adamczewski\/wp-json\/wp\/v2\/types\/post"}],"author":[{"embeddable":true,"href":"https:\/\/blog.polityka.pl\/adamczewski\/wp-json\/wp\/v2\/users\/2"}],"replies":[{"embeddable":true,"href":"https:\/\/blog.polityka.pl\/adamczewski\/wp-json\/wp\/v2\/comments?post=10975"}],"version-history":[{"count":0,"href":"https:\/\/blog.polityka.pl\/adamczewski\/wp-json\/wp\/v2\/posts\/10975\/revisions"}],"wp:attachment":[{"href":"https:\/\/blog.polityka.pl\/adamczewski\/wp-json\/wp\/v2\/media?parent=10975"}],"wp:term":[{"taxonomy":"category","embeddable":true,"href":"https:\/\/blog.polityka.pl\/adamczewski\/wp-json\/wp\/v2\/categories?post=10975"},{"taxonomy":"post_tag","embeddable":true,"href":"https:\/\/blog.polityka.pl\/adamczewski\/wp-json\/wp\/v2\/tags?post=10975"}],"curies":[{"name":"wp","href":"https:\/\/api.w.org\/{rel}","templated":true}]}}