
{"id":10978,"date":"2011-12-23T06:29:04","date_gmt":"2011-12-23T05:29:04","guid":{"rendered":"http:\/\/adamczewscy.pl\/?p=3376"},"modified":"2011-12-23T06:29:04","modified_gmt":"2011-12-23T05:29:04","slug":"salatka-z-melona-i-rokpola","status":"publish","type":"post","link":"https:\/\/blog.polityka.pl\/adamczewski\/2011\/12\/23\/salatka-z-melona-i-rokpola\/","title":{"rendered":"Sa\u0142atka z melona i rokpola"},"content":{"rendered":"<p><em>Ca\u0142y melon, 30 dag sera rokpol lub innego z niebieska ple\u015bni\u0105, 3 \u0142y\u017cki oleju z pestek winogron, \u015bwie\u017co mielony bia\u0142y pieprz<\/em><\/p>\n<p>1. Melon obra\u0107 ze sk\u00f3rki, przekroi\u0107 na po\u0142\u00f3wki, pokroi\u0107 w kostk\u0119, prze\u0142o\u017cy\u0107 do du\u017cej miski.<br \/>\n2. Ser pokroi\u0107 w znacznie mniejsz\u0105 kostk\u0119  ni\u017c  kostki melona.<br \/>\n3. Wymiesza\u0107 melon z serem, skropi\u0107 sa\u0142atk\u0119 oliw\u0105, posypa\u0107 lekko bia\u0142ym pieprzem, wymiesza\u0107, przykry\u0107 pokrywk\u0105 i wstawi\u0107 na godzin\u0119 do lod\u00f3wki. <\/p>\n","protected":false},"excerpt":{"rendered":"<p>Ca\u0142y melon, 30 dag sera rokpol lub innego z niebieska ple\u015bni\u0105, 3 \u0142y\u017cki oleju z pestek winogron, \u015bwie\u017co mielony bia\u0142y pieprz 1. Melon obra\u0107 ze sk\u00f3rki, przekroi\u0107 na po\u0142\u00f3wki, pokroi\u0107 w kostk\u0119, prze\u0142o\u017cy\u0107 do du\u017cej miski. 2. Ser pokroi\u0107 w znacznie mniejsz\u0105 kostk\u0119 ni\u017c kostki melona. 3. Wymiesza\u0107 melon z serem, skropi\u0107 sa\u0142atk\u0119 oliw\u0105, posypa\u0107 [&hellip;]<\/p>\n","protected":false},"author":2,"featured_media":0,"comment_status":"open","ping_status":"open","sticky":false,"template":"","format":"standard","meta":{"footnotes":""},"categories":[1],"tags":[],"_links":{"self":[{"href":"https:\/\/blog.polityka.pl\/adamczewski\/wp-json\/wp\/v2\/posts\/10978"}],"collection":[{"href":"https:\/\/blog.polityka.pl\/adamczewski\/wp-json\/wp\/v2\/posts"}],"about":[{"href":"https:\/\/blog.polityka.pl\/adamczewski\/wp-json\/wp\/v2\/types\/post"}],"author":[{"embeddable":true,"href":"https:\/\/blog.polityka.pl\/adamczewski\/wp-json\/wp\/v2\/users\/2"}],"replies":[{"embeddable":true,"href":"https:\/\/blog.polityka.pl\/adamczewski\/wp-json\/wp\/v2\/comments?post=10978"}],"version-history":[{"count":0,"href":"https:\/\/blog.polityka.pl\/adamczewski\/wp-json\/wp\/v2\/posts\/10978\/revisions"}],"wp:attachment":[{"href":"https:\/\/blog.polityka.pl\/adamczewski\/wp-json\/wp\/v2\/media?parent=10978"}],"wp:term":[{"taxonomy":"category","embeddable":true,"href":"https:\/\/blog.polityka.pl\/adamczewski\/wp-json\/wp\/v2\/categories?post=10978"},{"taxonomy":"post_tag","embeddable":true,"href":"https:\/\/blog.polityka.pl\/adamczewski\/wp-json\/wp\/v2\/tags?post=10978"}],"curies":[{"name":"wp","href":"https:\/\/api.w.org\/{rel}","templated":true}]}}