
{"id":10979,"date":"2011-12-23T06:29:45","date_gmt":"2011-12-23T05:29:45","guid":{"rendered":"http:\/\/adamczewscy.pl\/?p=3377"},"modified":"2011-12-23T06:29:45","modified_gmt":"2011-12-23T05:29:45","slug":"salatka-z-szynki-i-ementalera","status":"publish","type":"post","link":"https:\/\/blog.polityka.pl\/adamczewski\/2011\/12\/23\/salatka-z-szynki-i-ementalera\/","title":{"rendered":"Sa\u0142atka z szynki i ementalera"},"content":{"rendered":"<p><em>30 dag konserwowej szynki krojonej w plasterki grubo\u015bci ok. 3 mm, 20 dag ementalera krojonego w plasterki, 20 dag jasnych winogron bezpestkowych, opakowanie mieszanki r\u00f3\u017cnych sa\u0142at, puszka ananasa, puszka kukurydzy, szklanka jogurtu naturalnego (najlepszy jest ?grecki?), 2 \u0142y\u017cki majonezu, \u0142y\u017ceczka \u0142agodnego curry, z\u0105bek czosnku, mielony pieprz<br \/>\n<\/em><\/p>\n<p>1. Plasterki szynki pokroi\u0107 w kosteczk\u0119 a ementaler w s\u0142upki.<br \/>\n2. Kukurydze ods\u0105czy\u0107 z zalewy, ananasa z puszki po ods\u0105czeniu pokroi\u0107 w niewielkie kawa\u0142eczki, winogrona umy\u0107, poprzekrawa\u0107 na po\u0142\u00f3wki.<br \/>\n3. Sa\u0142aty w\u0142o\u017cy\u0107 do du\u017cej miski, doda\u0107 pozosta\u0142e przygotowane sk\u0142adniki.<br \/>\n4. Przygotowa\u0107 sos: majonez wymiesza\u0107 z jogurtem, przeci\u015bni\u0119tym przez prask\u0119 czosnkiem, curry, pieprzem.<br \/>\n5. Sosem pola\u0107 sa\u0142at\u0119, dok\u0142adnie wymiesza\u0107 i podawa\u0107. <\/p>\n","protected":false},"excerpt":{"rendered":"<p>30 dag konserwowej szynki krojonej w plasterki grubo\u015bci ok. 3 mm, 20 dag ementalera krojonego w plasterki, 20 dag jasnych winogron bezpestkowych, opakowanie mieszanki r\u00f3\u017cnych sa\u0142at, puszka ananasa, puszka kukurydzy, szklanka jogurtu naturalnego (najlepszy jest ?grecki?), 2 \u0142y\u017cki majonezu, \u0142y\u017ceczka \u0142agodnego curry, z\u0105bek czosnku, mielony pieprz 1. Plasterki szynki pokroi\u0107 w kosteczk\u0119 a ementaler w [&hellip;]<\/p>\n","protected":false},"author":2,"featured_media":0,"comment_status":"open","ping_status":"open","sticky":false,"template":"","format":"standard","meta":{"footnotes":""},"categories":[1],"tags":[],"_links":{"self":[{"href":"https:\/\/blog.polityka.pl\/adamczewski\/wp-json\/wp\/v2\/posts\/10979"}],"collection":[{"href":"https:\/\/blog.polityka.pl\/adamczewski\/wp-json\/wp\/v2\/posts"}],"about":[{"href":"https:\/\/blog.polityka.pl\/adamczewski\/wp-json\/wp\/v2\/types\/post"}],"author":[{"embeddable":true,"href":"https:\/\/blog.polityka.pl\/adamczewski\/wp-json\/wp\/v2\/users\/2"}],"replies":[{"embeddable":true,"href":"https:\/\/blog.polityka.pl\/adamczewski\/wp-json\/wp\/v2\/comments?post=10979"}],"version-history":[{"count":0,"href":"https:\/\/blog.polityka.pl\/adamczewski\/wp-json\/wp\/v2\/posts\/10979\/revisions"}],"wp:attachment":[{"href":"https:\/\/blog.polityka.pl\/adamczewski\/wp-json\/wp\/v2\/media?parent=10979"}],"wp:term":[{"taxonomy":"category","embeddable":true,"href":"https:\/\/blog.polityka.pl\/adamczewski\/wp-json\/wp\/v2\/categories?post=10979"},{"taxonomy":"post_tag","embeddable":true,"href":"https:\/\/blog.polityka.pl\/adamczewski\/wp-json\/wp\/v2\/tags?post=10979"}],"curies":[{"name":"wp","href":"https:\/\/api.w.org\/{rel}","templated":true}]}}