
{"id":10980,"date":"2011-12-23T06:30:23","date_gmt":"2011-12-23T05:30:23","guid":{"rendered":"http:\/\/adamczewscy.pl\/?p=3378"},"modified":"2011-12-23T06:30:23","modified_gmt":"2011-12-23T05:30:23","slug":"salatka-z-kapusty-pekinskiej-i-roznosci","status":"publish","type":"post","link":"https:\/\/blog.polityka.pl\/adamczewski\/2011\/12\/23\/salatka-z-kapusty-pekinskiej-i-roznosci\/","title":{"rendered":"Sa\u0142atka z kapusty peki\u0144skiej i r\u00f3\u017cno\u015bci"},"content":{"rendered":"<p><em>Kapusta peki\u0144ska (niezbyt du\u017ca), czerwona papryka, puszka konserwowej kukurydzy, 10 plasterk\u00f3w sera gouda, 10 plasterk\u00f3w konserwowej szynki, 4 plastry ananasa z puszki, 3 z\u0105bki czosnku, 2 \u0142y\u017cki majonezu, 2 \u0142y\u017cki jogurtu naturalnego, s\u00f3l, pieprz<br \/>\n<\/em><br \/>\n1. Kapust\u0119 peki\u0144ska oczy\u015bci\u0107 z uszkodzonych li\u015bci, umy\u0107, pokroi\u0107 w drobny makaronik.<br \/>\n2. Pokroi\u0107 w drobn\u0105 kostk\u0119 plasterki szynki, sera \u017c\u00f3\u0142tego i papryki (po usuni\u0119ciu gniazd nasiennych), kukurydz\u0119 odcedzi\u0107 z zalewy.<br \/>\n3. Wymiesza\u0107 jogurt z majonezem i przeci\u015bni\u0119tym przez prask\u0119 czosnkiem, doprawi\u0107 sol\u0105 i pieprzem.<br \/>\n4. Po\u0142\u0105czy\u0107 wszystkie sk\u0142adniki z sosem, wymiesza\u0107, podawa\u0107 z podpieczonym w tosterze pieczywem. <\/p>\n","protected":false},"excerpt":{"rendered":"<p>Kapusta peki\u0144ska (niezbyt du\u017ca), czerwona papryka, puszka konserwowej kukurydzy, 10 plasterk\u00f3w sera gouda, 10 plasterk\u00f3w konserwowej szynki, 4 plastry ananasa z puszki, 3 z\u0105bki czosnku, 2 \u0142y\u017cki majonezu, 2 \u0142y\u017cki jogurtu naturalnego, s\u00f3l, pieprz 1. Kapust\u0119 peki\u0144ska oczy\u015bci\u0107 z uszkodzonych li\u015bci, umy\u0107, pokroi\u0107 w drobny makaronik. 2. Pokroi\u0107 w drobn\u0105 kostk\u0119 plasterki szynki, sera \u017c\u00f3\u0142tego [&hellip;]<\/p>\n","protected":false},"author":2,"featured_media":0,"comment_status":"open","ping_status":"open","sticky":false,"template":"","format":"standard","meta":{"footnotes":""},"categories":[1],"tags":[],"_links":{"self":[{"href":"https:\/\/blog.polityka.pl\/adamczewski\/wp-json\/wp\/v2\/posts\/10980"}],"collection":[{"href":"https:\/\/blog.polityka.pl\/adamczewski\/wp-json\/wp\/v2\/posts"}],"about":[{"href":"https:\/\/blog.polityka.pl\/adamczewski\/wp-json\/wp\/v2\/types\/post"}],"author":[{"embeddable":true,"href":"https:\/\/blog.polityka.pl\/adamczewski\/wp-json\/wp\/v2\/users\/2"}],"replies":[{"embeddable":true,"href":"https:\/\/blog.polityka.pl\/adamczewski\/wp-json\/wp\/v2\/comments?post=10980"}],"version-history":[{"count":0,"href":"https:\/\/blog.polityka.pl\/adamczewski\/wp-json\/wp\/v2\/posts\/10980\/revisions"}],"wp:attachment":[{"href":"https:\/\/blog.polityka.pl\/adamczewski\/wp-json\/wp\/v2\/media?parent=10980"}],"wp:term":[{"taxonomy":"category","embeddable":true,"href":"https:\/\/blog.polityka.pl\/adamczewski\/wp-json\/wp\/v2\/categories?post=10980"},{"taxonomy":"post_tag","embeddable":true,"href":"https:\/\/blog.polityka.pl\/adamczewski\/wp-json\/wp\/v2\/tags?post=10980"}],"curies":[{"name":"wp","href":"https:\/\/api.w.org\/{rel}","templated":true}]}}