
{"id":10981,"date":"2011-12-23T06:30:57","date_gmt":"2011-12-23T05:30:57","guid":{"rendered":"http:\/\/adamczewscy.pl\/?p=3379"},"modified":"2011-12-23T06:30:57","modified_gmt":"2011-12-23T05:30:57","slug":"salatka-z-marynowanymi-pieczarkami","status":"publish","type":"post","link":"https:\/\/blog.polityka.pl\/adamczewski\/2011\/12\/23\/salatka-z-marynowanymi-pieczarkami\/","title":{"rendered":"Sa\u0142atka z marynowanymi pieczarkami"},"content":{"rendered":"<p><em>20 dag marynowanych pieczarek, 30 dag marynowanej papryki, 15 dag szynki, 15 dag ementalera, 5 jajek, 1 woreczek ry\u017cu, 1 puszka groszku, majonez, s\u00f3l, pieprz<br \/>\n<\/em><br \/>\n1. Ugotowa\u0107 ry\u017c zgodnie z przepisem na torebce.<br \/>\n2. Ugotowa\u0107 jajka na twardo. Po ostudzeniu obra\u0107 i pokroi\u0107 w kostk\u0119.<br \/>\n3. Os\u0105czy\u0107 groszek i kukurydz\u0119, wymiesza\u0107 z ostudzonym ry\u017cem oraz jajkami.<br \/>\n4. Szynk\u0119, ser, pieczarki i papryk\u0119 (po os\u0105czeniu) pokroi\u0107 w kostk\u0119. Doda\u0107 do ry\u017cu, doprawi\u0107 do smaku sol\u0105 i \u015bwie\u017co zmielonym pieprzem, pola\u0107 majonezem. Dok\u0142adnie wymiesza\u0107 i podawa\u0107. <\/p>\n","protected":false},"excerpt":{"rendered":"<p>20 dag marynowanych pieczarek, 30 dag marynowanej papryki, 15 dag szynki, 15 dag ementalera, 5 jajek, 1 woreczek ry\u017cu, 1 puszka groszku, majonez, s\u00f3l, pieprz 1. Ugotowa\u0107 ry\u017c zgodnie z przepisem na torebce. 2. Ugotowa\u0107 jajka na twardo. Po ostudzeniu obra\u0107 i pokroi\u0107 w kostk\u0119. 3. Os\u0105czy\u0107 groszek i kukurydz\u0119, wymiesza\u0107 z ostudzonym ry\u017cem oraz [&hellip;]<\/p>\n","protected":false},"author":2,"featured_media":0,"comment_status":"open","ping_status":"open","sticky":false,"template":"","format":"standard","meta":{"footnotes":""},"categories":[1],"tags":[],"_links":{"self":[{"href":"https:\/\/blog.polityka.pl\/adamczewski\/wp-json\/wp\/v2\/posts\/10981"}],"collection":[{"href":"https:\/\/blog.polityka.pl\/adamczewski\/wp-json\/wp\/v2\/posts"}],"about":[{"href":"https:\/\/blog.polityka.pl\/adamczewski\/wp-json\/wp\/v2\/types\/post"}],"author":[{"embeddable":true,"href":"https:\/\/blog.polityka.pl\/adamczewski\/wp-json\/wp\/v2\/users\/2"}],"replies":[{"embeddable":true,"href":"https:\/\/blog.polityka.pl\/adamczewski\/wp-json\/wp\/v2\/comments?post=10981"}],"version-history":[{"count":0,"href":"https:\/\/blog.polityka.pl\/adamczewski\/wp-json\/wp\/v2\/posts\/10981\/revisions"}],"wp:attachment":[{"href":"https:\/\/blog.polityka.pl\/adamczewski\/wp-json\/wp\/v2\/media?parent=10981"}],"wp:term":[{"taxonomy":"category","embeddable":true,"href":"https:\/\/blog.polityka.pl\/adamczewski\/wp-json\/wp\/v2\/categories?post=10981"},{"taxonomy":"post_tag","embeddable":true,"href":"https:\/\/blog.polityka.pl\/adamczewski\/wp-json\/wp\/v2\/tags?post=10981"}],"curies":[{"name":"wp","href":"https:\/\/api.w.org\/{rel}","templated":true}]}}