
{"id":10983,"date":"2011-12-23T06:32:11","date_gmt":"2011-12-23T05:32:11","guid":{"rendered":"http:\/\/adamczewscy.pl\/?p=3381"},"modified":"2011-12-23T06:32:11","modified_gmt":"2011-12-23T05:32:11","slug":"drozdzowy-topielec","status":"publish","type":"post","link":"https:\/\/blog.polityka.pl\/adamczewski\/2011\/12\/23\/drozdzowy-topielec\/","title":{"rendered":"Dro\u017cd\u017cowy topielec"},"content":{"rendered":"<p><em>4 szklanki m\u0105ki, 4 jajka, kostka mas\u0142a, 10 dag dro\u017cd\u017cy, 1\/2 szklanki ciep\u0142ego mleka, 1, 5 szklanki cukru, dowolny olejek zapachowy (kilka kropelek), sma\u017cona skorka pomara\u0144czowa<br \/>\nDo wysmarowania foremek: \u0142y\u017cka mas\u0142a<br \/>\n<\/em><br \/>\n1. Rozpu\u015bci\u0107 dro\u017cd\u017ce w mleku, doda\u0107 \u0142y\u017ck\u0119 m\u0105ki i \u0142y\u017ck\u0119 cukru.<br \/>\n2. Kiedy dro\u017cd\u017ce wyrosn\u0105 wla\u0107 je do m\u0105ki, doda\u0107 jajka i rozpuszczone mas\u0142o. Wymiesza\u0107, ale nie trzeba wyrabia\u0107.<br \/>\n3. Cias\u0142o w\u0142o\u017cy\u0107 do czystej \u015bciereczki, lu\u017ano, ale bardzo szczelnie j\u0105 zawi\u0105za\u0107, aby wyrastaj\u0105c ciasto nie ?wybieg\u0142o?.<br \/>\n4. Do du\u017cego garnka wla\u0107 zimn\u0105 wod\u0119, w\u0142o\u017cy\u0107 zawini\u0105tko z ciastem. Kiedy zawini\u0105tko wyp\u0142ynie, b\u0119dzie dostatecznie dobrze wyro\u015bni\u0119te.<br \/>\n5. Wy\u0142o\u017cy\u0107 ciasto do miski, doda\u0107 zapachy i cukier, wymiesza\u0107 dok\u0142adnie.<br \/>\n6. Prze\u0142o\u017cy\u0107 ciasto do wysmarowanych mas\u0142em foremek nape\u0142niaj\u0105c je do po\u0142owy wysoko\u015bci.<br \/>\n7. Piec w nagrzanym do 180 st. C piekarniku oko\u0142o 30 minut. Spr\u00f3bowa\u0107 patyczkiem-je\u015bli suchy &#8211; ciasto jest gotowe, je\u015bli nie &#8211; jeszcze chwil\u0119 dopieka\u0107.<br \/>\n8. Wyjmowa\u0107 ciasto z formy dopiero kiedy lekko ostygnie. <\/p>\n","protected":false},"excerpt":{"rendered":"<p>4 szklanki m\u0105ki, 4 jajka, kostka mas\u0142a, 10 dag dro\u017cd\u017cy, 1\/2 szklanki ciep\u0142ego mleka, 1, 5 szklanki cukru, dowolny olejek zapachowy (kilka kropelek), sma\u017cona skorka pomara\u0144czowa Do wysmarowania foremek: \u0142y\u017cka mas\u0142a 1. Rozpu\u015bci\u0107 dro\u017cd\u017ce w mleku, doda\u0107 \u0142y\u017ck\u0119 m\u0105ki i \u0142y\u017ck\u0119 cukru. 2. Kiedy dro\u017cd\u017ce wyrosn\u0105 wla\u0107 je do m\u0105ki, doda\u0107 jajka i rozpuszczone mas\u0142o. [&hellip;]<\/p>\n","protected":false},"author":2,"featured_media":0,"comment_status":"open","ping_status":"open","sticky":false,"template":"","format":"standard","meta":{"footnotes":""},"categories":[1],"tags":[],"_links":{"self":[{"href":"https:\/\/blog.polityka.pl\/adamczewski\/wp-json\/wp\/v2\/posts\/10983"}],"collection":[{"href":"https:\/\/blog.polityka.pl\/adamczewski\/wp-json\/wp\/v2\/posts"}],"about":[{"href":"https:\/\/blog.polityka.pl\/adamczewski\/wp-json\/wp\/v2\/types\/post"}],"author":[{"embeddable":true,"href":"https:\/\/blog.polityka.pl\/adamczewski\/wp-json\/wp\/v2\/users\/2"}],"replies":[{"embeddable":true,"href":"https:\/\/blog.polityka.pl\/adamczewski\/wp-json\/wp\/v2\/comments?post=10983"}],"version-history":[{"count":0,"href":"https:\/\/blog.polityka.pl\/adamczewski\/wp-json\/wp\/v2\/posts\/10983\/revisions"}],"wp:attachment":[{"href":"https:\/\/blog.polityka.pl\/adamczewski\/wp-json\/wp\/v2\/media?parent=10983"}],"wp:term":[{"taxonomy":"category","embeddable":true,"href":"https:\/\/blog.polityka.pl\/adamczewski\/wp-json\/wp\/v2\/categories?post=10983"},{"taxonomy":"post_tag","embeddable":true,"href":"https:\/\/blog.polityka.pl\/adamczewski\/wp-json\/wp\/v2\/tags?post=10983"}],"curies":[{"name":"wp","href":"https:\/\/api.w.org\/{rel}","templated":true}]}}