
{"id":10991,"date":"2012-01-05T15:55:39","date_gmt":"2012-01-05T14:55:39","guid":{"rendered":"http:\/\/adamczewscy.pl\/?p=3390"},"modified":"2012-01-05T15:55:39","modified_gmt":"2012-01-05T14:55:39","slug":"salatka-ziemniaczana-z-fasolka-szparagowa","status":"publish","type":"post","link":"https:\/\/blog.polityka.pl\/adamczewski\/2012\/01\/05\/salatka-ziemniaczana-z-fasolka-szparagowa\/","title":{"rendered":"Sa\u0142atka ziemniaczana z fasolk\u0105 szparagow\u0105"},"content":{"rendered":"<p><em>8 ziemniak\u00f3w ugotowanych w sk\u00f3rce, puszka konserwowej fasolki szparagowej, jab\u0142ko, kiszony og\u00f3rek,2 dymki,5 \u0142y\u017cek oleju,1,5 \u0142y\u017cki musztardy, s\u00f3l, pieprz, sok z cytryny i cukier do smaku,2 \u0142y\u017cki posiekanego szczypiorku<br \/>\n<\/em><br \/>\n1.Ziemniaki obra\u0107 ze sk\u00f3rki i pokroi\u0107 w kostk\u0119.<br \/>\n2.Jab\u0142ko i og\u00f3rka pokroi\u0107 tak\u017ce w kostk\u0119, dymk\u0119 posieka\u0107, skropi\u0107 sokiem cytrynowym.<br \/>\n3.Fasolk\u0119 odcedzi\u0107 z zalewy, pokroi\u0107 na drobne kawa\u0142ki.<br \/>\n4.Po\u0142\u0105czy\u0107 wszystkie sk\u0142adniki sa\u0142atki, wymiesza\u0107.<br \/>\n5.Utrze\u0107 musztard\u0119 z  olejem doprawiaj\u0105c sol\u0105, pieprzem i cukrem, doda\u0107 do sa\u0142atki, wymiesza\u0107.<br \/>\n6.Wierzch sa\u0142atki posypa\u0107 siekanym szczypiorkiem.<\/p>\n","protected":false},"excerpt":{"rendered":"<p>8 ziemniak\u00f3w ugotowanych w sk\u00f3rce, puszka konserwowej fasolki szparagowej, jab\u0142ko, kiszony og\u00f3rek,2 dymki,5 \u0142y\u017cek oleju,1,5 \u0142y\u017cki musztardy, s\u00f3l, pieprz, sok z cytryny i cukier do smaku,2 \u0142y\u017cki posiekanego szczypiorku 1.Ziemniaki obra\u0107 ze sk\u00f3rki i pokroi\u0107 w kostk\u0119. 2.Jab\u0142ko i og\u00f3rka pokroi\u0107 tak\u017ce w kostk\u0119, dymk\u0119 posieka\u0107, skropi\u0107 sokiem cytrynowym. 3.Fasolk\u0119 odcedzi\u0107 z zalewy, pokroi\u0107 na [&hellip;]<\/p>\n","protected":false},"author":2,"featured_media":0,"comment_status":"open","ping_status":"open","sticky":false,"template":"","format":"standard","meta":{"footnotes":""},"categories":[1],"tags":[],"_links":{"self":[{"href":"https:\/\/blog.polityka.pl\/adamczewski\/wp-json\/wp\/v2\/posts\/10991"}],"collection":[{"href":"https:\/\/blog.polityka.pl\/adamczewski\/wp-json\/wp\/v2\/posts"}],"about":[{"href":"https:\/\/blog.polityka.pl\/adamczewski\/wp-json\/wp\/v2\/types\/post"}],"author":[{"embeddable":true,"href":"https:\/\/blog.polityka.pl\/adamczewski\/wp-json\/wp\/v2\/users\/2"}],"replies":[{"embeddable":true,"href":"https:\/\/blog.polityka.pl\/adamczewski\/wp-json\/wp\/v2\/comments?post=10991"}],"version-history":[{"count":0,"href":"https:\/\/blog.polityka.pl\/adamczewski\/wp-json\/wp\/v2\/posts\/10991\/revisions"}],"wp:attachment":[{"href":"https:\/\/blog.polityka.pl\/adamczewski\/wp-json\/wp\/v2\/media?parent=10991"}],"wp:term":[{"taxonomy":"category","embeddable":true,"href":"https:\/\/blog.polityka.pl\/adamczewski\/wp-json\/wp\/v2\/categories?post=10991"},{"taxonomy":"post_tag","embeddable":true,"href":"https:\/\/blog.polityka.pl\/adamczewski\/wp-json\/wp\/v2\/tags?post=10991"}],"curies":[{"name":"wp","href":"https:\/\/api.w.org\/{rel}","templated":true}]}}