
{"id":10992,"date":"2012-01-05T15:56:00","date_gmt":"2012-01-05T14:56:00","guid":{"rendered":"http:\/\/adamczewscy.pl\/?p=3391"},"modified":"2012-01-05T15:56:00","modified_gmt":"2012-01-05T14:56:00","slug":"salatka-z-pieczenia","status":"publish","type":"post","link":"https:\/\/blog.polityka.pl\/adamczewski\/2012\/01\/05\/salatka-z-pieczenia\/","title":{"rendered":"Sa\u0142atka z pieczeni\u0105"},"content":{"rendered":"<p><em>Szklanka pokrojonej w kostk\u0119 pieczeni, najlepiej ciel\u0119cej, ale mo\u017ce to by\u0107 tak\u017ce schab lub kurcz\u0119ca pier\u015b,4 jajka, ?  szklanki ods\u0105czonego z zalewy konserwowego groszku  ,3 og\u00f3rki konserwowe, dymka ze szczypiorkiem, \u0142y\u017cka posiekanej zielonej pietruszki, jab\u0142ko,   3 \u0142y\u017cki oliwy z oliwek, s\u00f3l, cukier i pieprz do smaku, kilka kropli soku cytrynowego<br \/>\n<\/em><br \/>\n1.Jajka ugotowa\u0107 na twardo, ostudzi\u0107, obra\u0107, 3   z nich pokroi\u0107 w kostk\u0119 .Pokroi\u0107 w kostk\u0119 tak\u017ce og\u00f3rki .Posieka\u0107 dymk\u0119. Jab\u0142ko obra\u0107 i pokroi\u0107 w kostk\u0119.<br \/>\n2.Do salaterki wrzuci\u0107 groszek, pokrojone mi\u0119so, jajka, og\u00f3rki  i jab\u0142ka oraz dymk\u0119 i posiekan\u0105 zielon\u0105 pietruszk\u0119, pola\u0107 oliw\u0105 i wymiesza\u0107, doprawi\u0107 sol\u0105, pieprzem, cytrynowym sokiem i odrobin\u0105 cukru .<br \/>\n3.Sa\u0142atk\u0119  u\u0142o\u017cy\u0107 w salaterce, wyg\u0142adzi\u0107 powierzchni\u0119 i posypa\u0107 posiekanym jajkiem na twardo.<\/p>\n","protected":false},"excerpt":{"rendered":"<p>Szklanka pokrojonej w kostk\u0119 pieczeni, najlepiej ciel\u0119cej, ale mo\u017ce to by\u0107 tak\u017ce schab lub kurcz\u0119ca pier\u015b,4 jajka, ? szklanki ods\u0105czonego z zalewy konserwowego groszku ,3 og\u00f3rki konserwowe, dymka ze szczypiorkiem, \u0142y\u017cka posiekanej zielonej pietruszki, jab\u0142ko, 3 \u0142y\u017cki oliwy z oliwek, s\u00f3l, cukier i pieprz do smaku, kilka kropli soku cytrynowego 1.Jajka ugotowa\u0107 na twardo, ostudzi\u0107, [&hellip;]<\/p>\n","protected":false},"author":2,"featured_media":0,"comment_status":"open","ping_status":"open","sticky":false,"template":"","format":"standard","meta":{"footnotes":""},"categories":[1],"tags":[],"_links":{"self":[{"href":"https:\/\/blog.polityka.pl\/adamczewski\/wp-json\/wp\/v2\/posts\/10992"}],"collection":[{"href":"https:\/\/blog.polityka.pl\/adamczewski\/wp-json\/wp\/v2\/posts"}],"about":[{"href":"https:\/\/blog.polityka.pl\/adamczewski\/wp-json\/wp\/v2\/types\/post"}],"author":[{"embeddable":true,"href":"https:\/\/blog.polityka.pl\/adamczewski\/wp-json\/wp\/v2\/users\/2"}],"replies":[{"embeddable":true,"href":"https:\/\/blog.polityka.pl\/adamczewski\/wp-json\/wp\/v2\/comments?post=10992"}],"version-history":[{"count":0,"href":"https:\/\/blog.polityka.pl\/adamczewski\/wp-json\/wp\/v2\/posts\/10992\/revisions"}],"wp:attachment":[{"href":"https:\/\/blog.polityka.pl\/adamczewski\/wp-json\/wp\/v2\/media?parent=10992"}],"wp:term":[{"taxonomy":"category","embeddable":true,"href":"https:\/\/blog.polityka.pl\/adamczewski\/wp-json\/wp\/v2\/categories?post=10992"},{"taxonomy":"post_tag","embeddable":true,"href":"https:\/\/blog.polityka.pl\/adamczewski\/wp-json\/wp\/v2\/tags?post=10992"}],"curies":[{"name":"wp","href":"https:\/\/api.w.org\/{rel}","templated":true}]}}