
{"id":10993,"date":"2012-01-05T15:56:23","date_gmt":"2012-01-05T14:56:23","guid":{"rendered":"http:\/\/adamczewscy.pl\/?p=3392"},"modified":"2012-01-05T15:56:23","modified_gmt":"2012-01-05T14:56:23","slug":"salatka-z-boczniakami","status":"publish","type":"post","link":"https:\/\/blog.polityka.pl\/adamczewski\/2012\/01\/05\/salatka-z-boczniakami\/","title":{"rendered":"Sa\u0142atka z boczniakami"},"content":{"rendered":"<p><em>20 dag boczniak\u00f3w,2 kolby cykorii, niedu\u017ca sa\u0142ata lodowa,1\/2 selera korzeniowego, ? cytryny,2 dymki,3 \u0142y\u017cki oliwy,2 \u0142y\u017cki octu balsamicznego, s\u00f3l, pieprz<br \/>\n<\/em><br \/>\n1.Sa\u0142at\u0119 umy\u0107, wysuszy\u0107 w suszarce do sa\u0142aty lub ods\u0105czy\u0107 w \u015bciereczce. Porwa\u0107 na drobne cz\u0105stki<br \/>\n2.Selera obra\u0107 i zetrze\u0107 na grubej jarzynowej tarce.<br \/>\n3. Cykori\u0119 podzieli\u0107 na listki odrywaj\u0105c je od g\u0142\u0105bika i pokroi\u0107 w paski.<br \/>\n4.Boczniaki umy\u0107, osuszy\u0107, pokroi\u0107  w paseczki, przesma\u017cy\u0107 na \u0142y\u017cce oliwy.<br \/>\n5.Wymiesza\u0107 wszystkie sk\u0142adniki sa\u0142atki.<br \/>\n6.W miseczce po\u0142\u0105czy\u0107  oliw\u0119 z octem balsamicznym, sol\u0105 i pieprzem.Sosem pola\u0107 sa\u0142atk\u0119 i jeszcze raz wymiesza\u0107.<\/p>\n","protected":false},"excerpt":{"rendered":"<p>20 dag boczniak\u00f3w,2 kolby cykorii, niedu\u017ca sa\u0142ata lodowa,1\/2 selera korzeniowego, ? cytryny,2 dymki,3 \u0142y\u017cki oliwy,2 \u0142y\u017cki octu balsamicznego, s\u00f3l, pieprz 1.Sa\u0142at\u0119 umy\u0107, wysuszy\u0107 w suszarce do sa\u0142aty lub ods\u0105czy\u0107 w \u015bciereczce. Porwa\u0107 na drobne cz\u0105stki 2.Selera obra\u0107 i zetrze\u0107 na grubej jarzynowej tarce. 3. Cykori\u0119 podzieli\u0107 na listki odrywaj\u0105c je od g\u0142\u0105bika i pokroi\u0107 w [&hellip;]<\/p>\n","protected":false},"author":2,"featured_media":0,"comment_status":"open","ping_status":"open","sticky":false,"template":"","format":"standard","meta":{"footnotes":""},"categories":[1],"tags":[],"_links":{"self":[{"href":"https:\/\/blog.polityka.pl\/adamczewski\/wp-json\/wp\/v2\/posts\/10993"}],"collection":[{"href":"https:\/\/blog.polityka.pl\/adamczewski\/wp-json\/wp\/v2\/posts"}],"about":[{"href":"https:\/\/blog.polityka.pl\/adamczewski\/wp-json\/wp\/v2\/types\/post"}],"author":[{"embeddable":true,"href":"https:\/\/blog.polityka.pl\/adamczewski\/wp-json\/wp\/v2\/users\/2"}],"replies":[{"embeddable":true,"href":"https:\/\/blog.polityka.pl\/adamczewski\/wp-json\/wp\/v2\/comments?post=10993"}],"version-history":[{"count":0,"href":"https:\/\/blog.polityka.pl\/adamczewski\/wp-json\/wp\/v2\/posts\/10993\/revisions"}],"wp:attachment":[{"href":"https:\/\/blog.polityka.pl\/adamczewski\/wp-json\/wp\/v2\/media?parent=10993"}],"wp:term":[{"taxonomy":"category","embeddable":true,"href":"https:\/\/blog.polityka.pl\/adamczewski\/wp-json\/wp\/v2\/categories?post=10993"},{"taxonomy":"post_tag","embeddable":true,"href":"https:\/\/blog.polityka.pl\/adamczewski\/wp-json\/wp\/v2\/tags?post=10993"}],"curies":[{"name":"wp","href":"https:\/\/api.w.org\/{rel}","templated":true}]}}