
{"id":10994,"date":"2012-01-05T15:56:53","date_gmt":"2012-01-05T14:56:53","guid":{"rendered":"http:\/\/adamczewscy.pl\/?p=3393"},"modified":"2012-01-05T15:56:53","modified_gmt":"2012-01-05T14:56:53","slug":"salatka-owocowo-serowa","status":"publish","type":"post","link":"https:\/\/blog.polityka.pl\/adamczewski\/2012\/01\/05\/salatka-owocowo-serowa\/","title":{"rendered":"Sa\u0142atka owocowo-serowa"},"content":{"rendered":"<p><em>15 dag sera gouda w kawa\u0142ku,2 spore mandarynki,2 dymki,2 plastry ananasa z puszki lub \u015bwie\u017cego,<br \/>\nNa sos: 3 \u0142y\u017cki oliwy, \u0142y\u017cka tartego chrzanu  ,\u0142y\u017cka g\u0119stej \u015bmietany, \u0142y\u017ceczka musztardy, s\u00f3l, mielony bia\u0142y pieprz, ga\u0142\u0105zki koperku do dekoracji<br \/>\n<\/em><br \/>\n1.Przygotowa\u0107 sos: wymiesza\u0107 \u015bmietan\u0119, z chrzanem, musztard\u0105 i oliw\u0105, doda\u0107 s\u00f3l .Odstawi\u0107 do lod\u00f3wki.<br \/>\n2.Ser i ananasa  pokroi\u0107 w kostk\u0119, dymki posieka\u0107, mandarynki obra\u0107, podzieli\u0107 na cz\u0105stki, kt\u00f3re r\u00f3wnie\u017c porozdziela\u0107 na po\u0142\u00f3wki.<br \/>\n3.Wszystkie sk\u0142adniki sa\u0142atki wymiesza\u0107 w salaterce, doda\u0107  och\u0142odzony sos i jeszcze raz wymiesza\u0107.<br \/>\n4.Sa\u0142atk\u0119 sch\u0142odzi\u0107,  podaj\u0105c przybra\u0107 ga\u0142kami koperku.<\/p>\n","protected":false},"excerpt":{"rendered":"<p>15 dag sera gouda w kawa\u0142ku,2 spore mandarynki,2 dymki,2 plastry ananasa z puszki lub \u015bwie\u017cego, Na sos: 3 \u0142y\u017cki oliwy, \u0142y\u017cka tartego chrzanu ,\u0142y\u017cka g\u0119stej \u015bmietany, \u0142y\u017ceczka musztardy, s\u00f3l, mielony bia\u0142y pieprz, ga\u0142\u0105zki koperku do dekoracji 1.Przygotowa\u0107 sos: wymiesza\u0107 \u015bmietan\u0119, z chrzanem, musztard\u0105 i oliw\u0105, doda\u0107 s\u00f3l .Odstawi\u0107 do lod\u00f3wki. 2.Ser i ananasa pokroi\u0107 w [&hellip;]<\/p>\n","protected":false},"author":2,"featured_media":0,"comment_status":"open","ping_status":"open","sticky":false,"template":"","format":"standard","meta":{"footnotes":""},"categories":[1],"tags":[],"_links":{"self":[{"href":"https:\/\/blog.polityka.pl\/adamczewski\/wp-json\/wp\/v2\/posts\/10994"}],"collection":[{"href":"https:\/\/blog.polityka.pl\/adamczewski\/wp-json\/wp\/v2\/posts"}],"about":[{"href":"https:\/\/blog.polityka.pl\/adamczewski\/wp-json\/wp\/v2\/types\/post"}],"author":[{"embeddable":true,"href":"https:\/\/blog.polityka.pl\/adamczewski\/wp-json\/wp\/v2\/users\/2"}],"replies":[{"embeddable":true,"href":"https:\/\/blog.polityka.pl\/adamczewski\/wp-json\/wp\/v2\/comments?post=10994"}],"version-history":[{"count":0,"href":"https:\/\/blog.polityka.pl\/adamczewski\/wp-json\/wp\/v2\/posts\/10994\/revisions"}],"wp:attachment":[{"href":"https:\/\/blog.polityka.pl\/adamczewski\/wp-json\/wp\/v2\/media?parent=10994"}],"wp:term":[{"taxonomy":"category","embeddable":true,"href":"https:\/\/blog.polityka.pl\/adamczewski\/wp-json\/wp\/v2\/categories?post=10994"},{"taxonomy":"post_tag","embeddable":true,"href":"https:\/\/blog.polityka.pl\/adamczewski\/wp-json\/wp\/v2\/tags?post=10994"}],"curies":[{"name":"wp","href":"https:\/\/api.w.org\/{rel}","templated":true}]}}