
{"id":10995,"date":"2012-01-05T15:57:14","date_gmt":"2012-01-05T14:57:14","guid":{"rendered":"http:\/\/adamczewscy.pl\/?p=3394"},"modified":"2012-01-05T15:57:14","modified_gmt":"2012-01-05T14:57:14","slug":"salatka-grapefruitowa-z-krewetkami","status":"publish","type":"post","link":"https:\/\/blog.polityka.pl\/adamczewski\/2012\/01\/05\/salatka-grapefruitowa-z-krewetkami\/","title":{"rendered":"Sa\u0142atka grapefruitowa z krewetkami"},"content":{"rendered":"<p><em>3 r\u00f3\u017cowe grapefruity,20 czarnych oliwek bez pestek, puszeczka krewetek koktajlowych, \u0142y\u017ceczka s\u0142odkiej mielonej papryki, \u0142y\u017ceczka mielonego kminku,2 \u0142y\u017cki oliwy, s\u00f3l, pieprz, cukier puder do smaku<\/em><\/p>\n<p>1.Grapefruity przeci\u0105\u0107 na po\u0142\u00f3wki i wyj\u0105\u0107 ,najlepiej specjaln\u0105 ostr\u0105 \u0142y\u017ceczk\u0105, mi\u0105\u017csz, ale nie uszkodzi\u0107  ?miseczek?.<br \/>\n2.Oliwki pokroi\u0107 na \u0107wiartki, krewetki ods\u0105czy\u0107 z zalewy.<br \/>\n3.W salaterce  wymiesza\u0107 grapefruitowy mi\u0105\u017csz, krewetki, oliwki, doprawi\u0107 sol\u0105 pieprzem, cukrem pudrem ,kminkiem i papryk\u0105. Pola\u0107 oliw\u0105 i wymiesza\u0107 sa\u0142atk\u0119.<br \/>\n4.Sa\u0142atk\u0119 na\u0142o\u017cy\u0107   do wydr\u0105\u017conych miseczek grapefruitowych i wstawi\u0107 szczelnie okryte do lod\u00f3wki przynajmniej na godzin\u0119.<\/p>\n","protected":false},"excerpt":{"rendered":"<p>3 r\u00f3\u017cowe grapefruity,20 czarnych oliwek bez pestek, puszeczka krewetek koktajlowych, \u0142y\u017ceczka s\u0142odkiej mielonej papryki, \u0142y\u017ceczka mielonego kminku,2 \u0142y\u017cki oliwy, s\u00f3l, pieprz, cukier puder do smaku 1.Grapefruity przeci\u0105\u0107 na po\u0142\u00f3wki i wyj\u0105\u0107 ,najlepiej specjaln\u0105 ostr\u0105 \u0142y\u017ceczk\u0105, mi\u0105\u017csz, ale nie uszkodzi\u0107 ?miseczek?. 2.Oliwki pokroi\u0107 na \u0107wiartki, krewetki ods\u0105czy\u0107 z zalewy. 3.W salaterce wymiesza\u0107 grapefruitowy mi\u0105\u017csz, krewetki, oliwki, [&hellip;]<\/p>\n","protected":false},"author":2,"featured_media":0,"comment_status":"open","ping_status":"open","sticky":false,"template":"","format":"standard","meta":{"footnotes":""},"categories":[1],"tags":[],"_links":{"self":[{"href":"https:\/\/blog.polityka.pl\/adamczewski\/wp-json\/wp\/v2\/posts\/10995"}],"collection":[{"href":"https:\/\/blog.polityka.pl\/adamczewski\/wp-json\/wp\/v2\/posts"}],"about":[{"href":"https:\/\/blog.polityka.pl\/adamczewski\/wp-json\/wp\/v2\/types\/post"}],"author":[{"embeddable":true,"href":"https:\/\/blog.polityka.pl\/adamczewski\/wp-json\/wp\/v2\/users\/2"}],"replies":[{"embeddable":true,"href":"https:\/\/blog.polityka.pl\/adamczewski\/wp-json\/wp\/v2\/comments?post=10995"}],"version-history":[{"count":0,"href":"https:\/\/blog.polityka.pl\/adamczewski\/wp-json\/wp\/v2\/posts\/10995\/revisions"}],"wp:attachment":[{"href":"https:\/\/blog.polityka.pl\/adamczewski\/wp-json\/wp\/v2\/media?parent=10995"}],"wp:term":[{"taxonomy":"category","embeddable":true,"href":"https:\/\/blog.polityka.pl\/adamczewski\/wp-json\/wp\/v2\/categories?post=10995"},{"taxonomy":"post_tag","embeddable":true,"href":"https:\/\/blog.polityka.pl\/adamczewski\/wp-json\/wp\/v2\/tags?post=10995"}],"curies":[{"name":"wp","href":"https:\/\/api.w.org\/{rel}","templated":true}]}}