
{"id":10996,"date":"2012-01-05T15:57:40","date_gmt":"2012-01-05T14:57:40","guid":{"rendered":"http:\/\/adamczewscy.pl\/?p=3395"},"modified":"2012-01-05T15:57:40","modified_gmt":"2012-01-05T14:57:40","slug":"orientalna-salatka-ryzowa","status":"publish","type":"post","link":"https:\/\/blog.polityka.pl\/adamczewski\/2012\/01\/05\/orientalna-salatka-ryzowa\/","title":{"rendered":"Orientalna sa\u0142atka ry\u017cowa"},"content":{"rendered":"<p><em>Podw\u00f3jna upieczona pier\u015b z kurczaka,2 cebule,4 \u0142y\u017cki oliwy, ? zielonej papryki,10 bezpestkowych winogron, ? szklanki soku wyci\u015bni\u0119tego z mandarynek, szklanka ugotowanego ry\u017cu, \u0142y\u017cka drobnych rodzynek  ,spora szczypta curry, s\u00f3l, pieprz<br \/>\n<\/em><br \/>\n1.Cebul\u0119 posieka\u0107  jak najdrobniej i usma\u017cy\u0107 na \u0142y\u017cce oliwy na z\u0142ocisto.<br \/>\n2.Pier\u015b z kurczaka pokroi\u0107 w kostk\u0119, papryk\u0119 w cieniutkie paseczki, winogrona podzieli\u0107 na pol\u00f3wki.<br \/>\n3.Do usma\u017conej cebuli doda\u0107   ry\u017c, \u0142y\u017ck\u0119 oliwy, przypraw\u0119 curry, mi\u0119so, papryk\u0119, przekrojone winogrona, sok mandarynkowy i rodzynki. Wszystko razem dok\u0142adnie wymiesza\u0107, doprawi\u0107 do smaku sol\u0105 i pieprzem, skropi\u0107 \u0142y\u017ck\u0105 lub dwoma \u0142y,\u017ckami oliwy.<\/p>\n","protected":false},"excerpt":{"rendered":"<p>Podw\u00f3jna upieczona pier\u015b z kurczaka,2 cebule,4 \u0142y\u017cki oliwy, ? zielonej papryki,10 bezpestkowych winogron, ? szklanki soku wyci\u015bni\u0119tego z mandarynek, szklanka ugotowanego ry\u017cu, \u0142y\u017cka drobnych rodzynek ,spora szczypta curry, s\u00f3l, pieprz 1.Cebul\u0119 posieka\u0107 jak najdrobniej i usma\u017cy\u0107 na \u0142y\u017cce oliwy na z\u0142ocisto. 2.Pier\u015b z kurczaka pokroi\u0107 w kostk\u0119, papryk\u0119 w cieniutkie paseczki, winogrona podzieli\u0107 na pol\u00f3wki. [&hellip;]<\/p>\n","protected":false},"author":2,"featured_media":0,"comment_status":"open","ping_status":"open","sticky":false,"template":"","format":"standard","meta":{"footnotes":""},"categories":[1],"tags":[],"_links":{"self":[{"href":"https:\/\/blog.polityka.pl\/adamczewski\/wp-json\/wp\/v2\/posts\/10996"}],"collection":[{"href":"https:\/\/blog.polityka.pl\/adamczewski\/wp-json\/wp\/v2\/posts"}],"about":[{"href":"https:\/\/blog.polityka.pl\/adamczewski\/wp-json\/wp\/v2\/types\/post"}],"author":[{"embeddable":true,"href":"https:\/\/blog.polityka.pl\/adamczewski\/wp-json\/wp\/v2\/users\/2"}],"replies":[{"embeddable":true,"href":"https:\/\/blog.polityka.pl\/adamczewski\/wp-json\/wp\/v2\/comments?post=10996"}],"version-history":[{"count":0,"href":"https:\/\/blog.polityka.pl\/adamczewski\/wp-json\/wp\/v2\/posts\/10996\/revisions"}],"wp:attachment":[{"href":"https:\/\/blog.polityka.pl\/adamczewski\/wp-json\/wp\/v2\/media?parent=10996"}],"wp:term":[{"taxonomy":"category","embeddable":true,"href":"https:\/\/blog.polityka.pl\/adamczewski\/wp-json\/wp\/v2\/categories?post=10996"},{"taxonomy":"post_tag","embeddable":true,"href":"https:\/\/blog.polityka.pl\/adamczewski\/wp-json\/wp\/v2\/tags?post=10996"}],"curies":[{"name":"wp","href":"https:\/\/api.w.org\/{rel}","templated":true}]}}