
{"id":10997,"date":"2012-01-05T15:58:39","date_gmt":"2012-01-05T14:58:39","guid":{"rendered":"http:\/\/adamczewscy.pl\/?p=3396"},"modified":"2012-01-05T15:58:39","modified_gmt":"2012-01-05T14:58:39","slug":"goraca-salatka-fasolowa-z-krewetkami","status":"publish","type":"post","link":"https:\/\/blog.polityka.pl\/adamczewski\/2012\/01\/05\/goraca-salatka-fasolowa-z-krewetkami\/","title":{"rendered":"Gor\u0105ca sa\u0142atka fasolowa z krewetkami"},"content":{"rendered":"<p><em>40 dag drobnej bia\u0142ej fasoli, puszeczka koktajlowych krewetek,10 \u0142y\u017ceczek oliwy z oliwek,4 listki \u015bwie\u017cej sza\u0142wi,8 igie\u0142ek rozmarynu,4 listki bazylii,2 \u0142y\u017cki soku cytrynowego, s\u00f3l, pieprz<\/em><\/p>\n<p>1.Fasol\u0119 umy\u0107 na durszlaku, prze\u0142o\u017cy\u0107 do  garnka, zala\u0107 2 szklankami zimnej wody i pozostawi\u0107 do sp\u0119cznienia. Nast\u0119pnego dnia dola\u0107 nieco wody, mniej wi\u0119cej  2-3 cm powy\u017cej  ziaren i ugotowa\u0107 fasol\u0119 do mi\u0119kko\u015bci. Ods\u0105czy\u0107.<br \/>\n2.Na patelni rozgrza\u0107 lekko oliw\u0119, doda\u0107 drobniutko posiekan\u0105 sza\u0142wi\u0119 i rozmaryn, fasol\u0119, krewetki ,s\u00f3l i pieprz. Chwil\u0119 dusi\u0107 wszystko razem.<br \/>\n3.Podaj\u0105c ciep\u0142\u0105 sa\u0142atk\u0119 skropi\u0107 j\u0105 sokiem cytrynowym i posypa\u0107 porwanymi listkami bazylii.<\/p>\n","protected":false},"excerpt":{"rendered":"<p>40 dag drobnej bia\u0142ej fasoli, puszeczka koktajlowych krewetek,10 \u0142y\u017ceczek oliwy z oliwek,4 listki \u015bwie\u017cej sza\u0142wi,8 igie\u0142ek rozmarynu,4 listki bazylii,2 \u0142y\u017cki soku cytrynowego, s\u00f3l, pieprz 1.Fasol\u0119 umy\u0107 na durszlaku, prze\u0142o\u017cy\u0107 do garnka, zala\u0107 2 szklankami zimnej wody i pozostawi\u0107 do sp\u0119cznienia. Nast\u0119pnego dnia dola\u0107 nieco wody, mniej wi\u0119cej 2-3 cm powy\u017cej ziaren i ugotowa\u0107 fasol\u0119 do [&hellip;]<\/p>\n","protected":false},"author":2,"featured_media":0,"comment_status":"open","ping_status":"open","sticky":false,"template":"","format":"standard","meta":{"footnotes":""},"categories":[1],"tags":[],"_links":{"self":[{"href":"https:\/\/blog.polityka.pl\/adamczewski\/wp-json\/wp\/v2\/posts\/10997"}],"collection":[{"href":"https:\/\/blog.polityka.pl\/adamczewski\/wp-json\/wp\/v2\/posts"}],"about":[{"href":"https:\/\/blog.polityka.pl\/adamczewski\/wp-json\/wp\/v2\/types\/post"}],"author":[{"embeddable":true,"href":"https:\/\/blog.polityka.pl\/adamczewski\/wp-json\/wp\/v2\/users\/2"}],"replies":[{"embeddable":true,"href":"https:\/\/blog.polityka.pl\/adamczewski\/wp-json\/wp\/v2\/comments?post=10997"}],"version-history":[{"count":0,"href":"https:\/\/blog.polityka.pl\/adamczewski\/wp-json\/wp\/v2\/posts\/10997\/revisions"}],"wp:attachment":[{"href":"https:\/\/blog.polityka.pl\/adamczewski\/wp-json\/wp\/v2\/media?parent=10997"}],"wp:term":[{"taxonomy":"category","embeddable":true,"href":"https:\/\/blog.polityka.pl\/adamczewski\/wp-json\/wp\/v2\/categories?post=10997"},{"taxonomy":"post_tag","embeddable":true,"href":"https:\/\/blog.polityka.pl\/adamczewski\/wp-json\/wp\/v2\/tags?post=10997"}],"curies":[{"name":"wp","href":"https:\/\/api.w.org\/{rel}","templated":true}]}}