
{"id":10998,"date":"2012-01-13T08:34:08","date_gmt":"2012-01-13T07:34:08","guid":{"rendered":"http:\/\/adamczewscy.pl\/?p=3398"},"modified":"2012-01-13T08:34:08","modified_gmt":"2012-01-13T07:34:08","slug":"kokosanki","status":"publish","type":"post","link":"https:\/\/blog.polityka.pl\/adamczewski\/2012\/01\/13\/kokosanki\/","title":{"rendered":"Kokosanki"},"content":{"rendered":"<p><em>50 dag cukru pudru, 6 bia\u0142ek, 1\/2 szklanki wody, 25 dag wi\u00f3rk\u00f3w kokosowych, 2\/3 szklanki tartej bu\u0142ki, 2\/3 szklanki m\u0105ki, najlepiej krupczatki<br \/>\nDo posmarowania papieru do wypiek\u00f3w: \u0142y\u017ceczka oliwy<br \/>\n<\/em><br \/>\n1. W naczyniu ustawionym nad paruj\u0105cym garnkiem z gotuj\u0105c\u0105 si\u0119 wod\u0105 ubi\u0107: bia\u0142ka, cukier puder i wod\u0119.<br \/>\n2. Kiedy piana wyra\u017anie zg\u0119stnieje, doda\u0107 m\u0105k\u0119, wi\u00f3rki kokosowe i tart\u0105 bu\u0142k\u0119, wymiesza\u0107 dok\u0142adnie lecz ostro\u017cnie.<br \/>\n3. Wysmarowa\u0107 oliw\u0105 arkusz papieru do wypiek\u00f3w, pouk\u0142ada\u0107 \u0142y\u017ceczk\u0105 niewielkie kopczyki ciasta.<br \/>\n4. Piec w temperaturze 170 st. oko\u0142o godziny, spr\u00f3bowa\u0107, je\u015bli nie s\u0105 jeszcze gotowe w \u015brodku-piec troch\u0119 d\u0142u\u017cej. Powinny by\u0107 lekko zrumienione na wierzchu.<br \/>\nCiastka pozostaj\u0105 d\u0142ugo \u015bwie\u017ce, mo\u017cna je przechowywa\u0107. <\/p>\n","protected":false},"excerpt":{"rendered":"<p>50 dag cukru pudru, 6 bia\u0142ek, 1\/2 szklanki wody, 25 dag wi\u00f3rk\u00f3w kokosowych, 2\/3 szklanki tartej bu\u0142ki, 2\/3 szklanki m\u0105ki, najlepiej krupczatki Do posmarowania papieru do wypiek\u00f3w: \u0142y\u017ceczka oliwy 1. W naczyniu ustawionym nad paruj\u0105cym garnkiem z gotuj\u0105c\u0105 si\u0119 wod\u0105 ubi\u0107: bia\u0142ka, cukier puder i wod\u0119. 2. Kiedy piana wyra\u017anie zg\u0119stnieje, doda\u0107 m\u0105k\u0119, wi\u00f3rki kokosowe [&hellip;]<\/p>\n","protected":false},"author":2,"featured_media":0,"comment_status":"open","ping_status":"open","sticky":false,"template":"","format":"standard","meta":{"footnotes":""},"categories":[1],"tags":[],"_links":{"self":[{"href":"https:\/\/blog.polityka.pl\/adamczewski\/wp-json\/wp\/v2\/posts\/10998"}],"collection":[{"href":"https:\/\/blog.polityka.pl\/adamczewski\/wp-json\/wp\/v2\/posts"}],"about":[{"href":"https:\/\/blog.polityka.pl\/adamczewski\/wp-json\/wp\/v2\/types\/post"}],"author":[{"embeddable":true,"href":"https:\/\/blog.polityka.pl\/adamczewski\/wp-json\/wp\/v2\/users\/2"}],"replies":[{"embeddable":true,"href":"https:\/\/blog.polityka.pl\/adamczewski\/wp-json\/wp\/v2\/comments?post=10998"}],"version-history":[{"count":0,"href":"https:\/\/blog.polityka.pl\/adamczewski\/wp-json\/wp\/v2\/posts\/10998\/revisions"}],"wp:attachment":[{"href":"https:\/\/blog.polityka.pl\/adamczewski\/wp-json\/wp\/v2\/media?parent=10998"}],"wp:term":[{"taxonomy":"category","embeddable":true,"href":"https:\/\/blog.polityka.pl\/adamczewski\/wp-json\/wp\/v2\/categories?post=10998"},{"taxonomy":"post_tag","embeddable":true,"href":"https:\/\/blog.polityka.pl\/adamczewski\/wp-json\/wp\/v2\/tags?post=10998"}],"curies":[{"name":"wp","href":"https:\/\/api.w.org\/{rel}","templated":true}]}}