
{"id":11004,"date":"2012-01-20T07:56:19","date_gmt":"2012-01-20T06:56:19","guid":{"rendered":"http:\/\/adamczewscy.pl\/?p=3405"},"modified":"2012-01-20T07:56:19","modified_gmt":"2012-01-20T06:56:19","slug":"tort-waflowy-z-kajmakiem","status":"publish","type":"post","link":"https:\/\/blog.polityka.pl\/adamczewski\/2012\/01\/20\/tort-waflowy-z-kajmakiem\/","title":{"rendered":"Tort waflowy z kajmakiem"},"content":{"rendered":"<p><em>Paczka okr\u0105g\u0142ych wafli<br \/>\nNa mas\u0119 kostka mas\u0142a (25 dag), szklanka cukru szklanka mleka w proszku, 2 \u017c\u00f3\u0142tka, szczypta cukru waniliowego<br \/>\nDo przybrania tortu: gar\u015b\u0107 posiekanych orzech\u00f3w w\u0142oskich<br \/>\n<\/em><br \/>\n1. W garnku stopi\u0107 mas\u0142o, doda\u0107 mleko w proszku i cukier oraz szczypt\u0119 cukru waniliowego, gotowa\u0107,  a\u017c wszystkie sk\u0142adniki po\u0142\u0105cz\u0105 si\u0119 w jednorodn\u0105 mas\u0119.<br \/>\n2. Ostudzi\u0107 lekko mas\u0119, doda\u0107 \u017c\u00f3\u0142tka i utrze\u0107 drewnian\u0105 \u0142y\u017ck\u0105.<br \/>\n3. Smarowa\u0107 mas\u0105 wafle przy pomocy szerokiego no\u017ca maczanego w ciep\u0142ej wodzie. Uk\u0142ada\u0107 wafle jeden na drugim, posmarowa\u0107 lekko tak\u017ce boki i wierzch, kt\u00f3ry posypa\u0107 siekanymi orzechami.<br \/>\nKroi\u0107 tort po zupe\u0142nym ostudzeniu na tr\u00f3jk\u0105ty, jak tort. <\/p>\n","protected":false},"excerpt":{"rendered":"<p>Paczka okr\u0105g\u0142ych wafli Na mas\u0119 kostka mas\u0142a (25 dag), szklanka cukru szklanka mleka w proszku, 2 \u017c\u00f3\u0142tka, szczypta cukru waniliowego Do przybrania tortu: gar\u015b\u0107 posiekanych orzech\u00f3w w\u0142oskich 1. W garnku stopi\u0107 mas\u0142o, doda\u0107 mleko w proszku i cukier oraz szczypt\u0119 cukru waniliowego, gotowa\u0107, a\u017c wszystkie sk\u0142adniki po\u0142\u0105cz\u0105 si\u0119 w jednorodn\u0105 mas\u0119. 2. Ostudzi\u0107 lekko mas\u0119, [&hellip;]<\/p>\n","protected":false},"author":2,"featured_media":0,"comment_status":"open","ping_status":"open","sticky":false,"template":"","format":"standard","meta":{"footnotes":""},"categories":[1],"tags":[],"_links":{"self":[{"href":"https:\/\/blog.polityka.pl\/adamczewski\/wp-json\/wp\/v2\/posts\/11004"}],"collection":[{"href":"https:\/\/blog.polityka.pl\/adamczewski\/wp-json\/wp\/v2\/posts"}],"about":[{"href":"https:\/\/blog.polityka.pl\/adamczewski\/wp-json\/wp\/v2\/types\/post"}],"author":[{"embeddable":true,"href":"https:\/\/blog.polityka.pl\/adamczewski\/wp-json\/wp\/v2\/users\/2"}],"replies":[{"embeddable":true,"href":"https:\/\/blog.polityka.pl\/adamczewski\/wp-json\/wp\/v2\/comments?post=11004"}],"version-history":[{"count":0,"href":"https:\/\/blog.polityka.pl\/adamczewski\/wp-json\/wp\/v2\/posts\/11004\/revisions"}],"wp:attachment":[{"href":"https:\/\/blog.polityka.pl\/adamczewski\/wp-json\/wp\/v2\/media?parent=11004"}],"wp:term":[{"taxonomy":"category","embeddable":true,"href":"https:\/\/blog.polityka.pl\/adamczewski\/wp-json\/wp\/v2\/categories?post=11004"},{"taxonomy":"post_tag","embeddable":true,"href":"https:\/\/blog.polityka.pl\/adamczewski\/wp-json\/wp\/v2\/tags?post=11004"}],"curies":[{"name":"wp","href":"https:\/\/api.w.org\/{rel}","templated":true}]}}