
{"id":11005,"date":"2012-01-20T07:57:10","date_gmt":"2012-01-20T06:57:10","guid":{"rendered":"http:\/\/adamczewscy.pl\/?p=3406"},"modified":"2012-01-20T07:57:10","modified_gmt":"2012-01-20T06:57:10","slug":"dorsz-lub-mintaj-z-marchewka","status":"publish","type":"post","link":"https:\/\/blog.polityka.pl\/adamczewski\/2012\/01\/20\/dorsz-lub-mintaj-z-marchewka\/","title":{"rendered":"Dorsz (lub mintaj) z marchewk\u0105"},"content":{"rendered":"<p><em>50 dag mro\u017conych filet\u00f3w z dorsza lub mintaja, marchew, cebula, 2 z\u0105bki czosnku, 2 \u0142y\u017cki oleju2 \u0142y\u017cki koncentratu pomidorowego, s\u00f3l, pieprz, do smaku ocet winny lub sok cytrynowy, szczypta ostrej papryki<br \/>\n<\/em><br \/>\n1. Cebul\u0119 i czosnek pokroi\u0107 w drobn\u0105 kostk\u0119 i zeszkli\u0107 na oleju, doda\u0107 kawa\u0142ki zamro\u017conej ryby i podsma\u017ca\u0107.<br \/>\n2. Marchew obra\u0107, zetrze\u0107 na grubej tarce jarzynowej, doda\u0107 do ryby i dusi\u0107 do mi\u0119kko\u015bci. Pod koniec doprawi\u0107 sol\u0105 i pieprzem, ocet winny i ostr\u0105 papryk\u0119 oraz koncentrat pomidorowy.  Delikatnie wymiesza\u0107.<br \/>\nPodawa\u0107 z frytkami lub ziemniakami z wody. <\/p>\n","protected":false},"excerpt":{"rendered":"<p>50 dag mro\u017conych filet\u00f3w z dorsza lub mintaja, marchew, cebula, 2 z\u0105bki czosnku, 2 \u0142y\u017cki oleju2 \u0142y\u017cki koncentratu pomidorowego, s\u00f3l, pieprz, do smaku ocet winny lub sok cytrynowy, szczypta ostrej papryki 1. Cebul\u0119 i czosnek pokroi\u0107 w drobn\u0105 kostk\u0119 i zeszkli\u0107 na oleju, doda\u0107 kawa\u0142ki zamro\u017conej ryby i podsma\u017ca\u0107. 2. Marchew obra\u0107, zetrze\u0107 na grubej [&hellip;]<\/p>\n","protected":false},"author":2,"featured_media":0,"comment_status":"open","ping_status":"open","sticky":false,"template":"","format":"standard","meta":{"footnotes":""},"categories":[1],"tags":[],"_links":{"self":[{"href":"https:\/\/blog.polityka.pl\/adamczewski\/wp-json\/wp\/v2\/posts\/11005"}],"collection":[{"href":"https:\/\/blog.polityka.pl\/adamczewski\/wp-json\/wp\/v2\/posts"}],"about":[{"href":"https:\/\/blog.polityka.pl\/adamczewski\/wp-json\/wp\/v2\/types\/post"}],"author":[{"embeddable":true,"href":"https:\/\/blog.polityka.pl\/adamczewski\/wp-json\/wp\/v2\/users\/2"}],"replies":[{"embeddable":true,"href":"https:\/\/blog.polityka.pl\/adamczewski\/wp-json\/wp\/v2\/comments?post=11005"}],"version-history":[{"count":0,"href":"https:\/\/blog.polityka.pl\/adamczewski\/wp-json\/wp\/v2\/posts\/11005\/revisions"}],"wp:attachment":[{"href":"https:\/\/blog.polityka.pl\/adamczewski\/wp-json\/wp\/v2\/media?parent=11005"}],"wp:term":[{"taxonomy":"category","embeddable":true,"href":"https:\/\/blog.polityka.pl\/adamczewski\/wp-json\/wp\/v2\/categories?post=11005"},{"taxonomy":"post_tag","embeddable":true,"href":"https:\/\/blog.polityka.pl\/adamczewski\/wp-json\/wp\/v2\/tags?post=11005"}],"curies":[{"name":"wp","href":"https:\/\/api.w.org\/{rel}","templated":true}]}}