
{"id":11007,"date":"2012-01-20T07:59:24","date_gmt":"2012-01-20T06:59:24","guid":{"rendered":"http:\/\/adamczewscy.pl\/?p=3408"},"modified":"2012-01-20T07:59:24","modified_gmt":"2012-01-20T06:59:24","slug":"faworki-agnieszki","status":"publish","type":"post","link":"https:\/\/blog.polityka.pl\/adamczewski\/2012\/01\/20\/faworki-agnieszki\/","title":{"rendered":"Faworki Agnieszki"},"content":{"rendered":"<p><a href=\"http:\/\/adamczewscy.pl\/wp-content\/uploads\/2012\/02\/faworki.jpg\"><img loading=\"lazy\" decoding=\"async\" src=\"http:\/\/adamczewscy.pl\/wp-content\/uploads\/2012\/02\/faworki.jpg\" alt=\"\" title=\"OLYMPUS DIGITAL CAMERA\" width=\"400\" height=\"464\" class=\"alignnone size-full wp-image-3848\" \/><\/a><\/p>\n<p><em>1,5 szklanki m\u0105ki tortowej (to ok. 20 dag), szczypta soli, 4 \u017c\u00f3\u0142tka, \u0142y\u017cka sto\u0142owa mas\u0142a, 3-4 \u0142y\u017cki kwa\u015bnej \u015bmietany, \u0142y\u017cka spirytusu (opcjonalnie rumu lub w ostateczno\u015bci octu), olej stopiony ze smalcem (tyle, aby faworki p\u0142ywa\u0142y swobodnie w garnku), cukier puder z wanili\u0105 do posypania.<br \/>\n<\/em><br \/>\n1. Na stolnic\u0119 wysypa\u0107 m\u0105k\u0119, zrobi\u0107 do\u0142ek, doda\u0107 \u017c\u00f3\u0142tka, s\u00f3l, mas\u0142o, spirytus, \u015bmietan\u0119. Wszystkie sk\u0142adniki zagnie\u015b\u0107 bardzo dok\u0142adnie. Nale\u017cy si\u0119 stara\u0107 ju\u017c jak najmniej podsypywa\u0107 m\u0105k\u0105.<br \/>\n2. Wyrobione ciasto wybija\u0107 10 minut wa\u0142kiem (mo\u017cna te\u017c uderza\u0107 w nie t\u0142uczkiem do kotlet\u00f3w). Ciasto ma by\u0107 bardzo elastyczne, o konsystencji ciasta na makaron.<br \/>\n3. Owin\u0105\u0107 ciasto w pergamin i pozostawi\u0107 na p\u00f3\u0142 godziny, aby odpocz\u0119\u0142o. Nie mo\u017ce wyschn\u0105\u0107, wi\u0119c musi by\u0107 szczelnie zawini\u0119te, warto przykry\u0107 je jeszcze misk\u0105.<br \/>\n4. Odcina\u0107 po kawa\u0142ku ciasta i sukcesywnie wa\u0142kowa\u0107 bardzo cienko. Kroi\u0107 rade\u0142kiem na paski, nacina\u0107, przewija\u0107 i sma\u017cy\u0107 na t\u0142uszczu na z\u0142oto: t\u0142uszcz ma by\u0107 tak gor\u0105cy, \u017ce kawa\u0142ek ciasta natychmiast wyp\u0142ywa na wierzch.<br \/>\n5. Wyjmowa\u0107 gotowe faworki d\u0142ugim widelcem i po chwili posypywa\u0107 cukrem pudrem<\/p>\n","protected":false},"excerpt":{"rendered":"<p>1,5 szklanki m\u0105ki tortowej (to ok. 20 dag), szczypta soli, 4 \u017c\u00f3\u0142tka, \u0142y\u017cka sto\u0142owa mas\u0142a, 3-4 \u0142y\u017cki kwa\u015bnej \u015bmietany, \u0142y\u017cka spirytusu (opcjonalnie rumu lub w ostateczno\u015bci octu), olej stopiony ze smalcem (tyle, aby faworki p\u0142ywa\u0142y swobodnie w garnku), cukier puder z wanili\u0105 do posypania. 1. Na stolnic\u0119 wysypa\u0107 m\u0105k\u0119, zrobi\u0107 do\u0142ek, doda\u0107 \u017c\u00f3\u0142tka, s\u00f3l, mas\u0142o, [&hellip;]<\/p>\n","protected":false},"author":2,"featured_media":0,"comment_status":"open","ping_status":"open","sticky":false,"template":"","format":"standard","meta":{"footnotes":""},"categories":[1],"tags":[],"_links":{"self":[{"href":"https:\/\/blog.polityka.pl\/adamczewski\/wp-json\/wp\/v2\/posts\/11007"}],"collection":[{"href":"https:\/\/blog.polityka.pl\/adamczewski\/wp-json\/wp\/v2\/posts"}],"about":[{"href":"https:\/\/blog.polityka.pl\/adamczewski\/wp-json\/wp\/v2\/types\/post"}],"author":[{"embeddable":true,"href":"https:\/\/blog.polityka.pl\/adamczewski\/wp-json\/wp\/v2\/users\/2"}],"replies":[{"embeddable":true,"href":"https:\/\/blog.polityka.pl\/adamczewski\/wp-json\/wp\/v2\/comments?post=11007"}],"version-history":[{"count":0,"href":"https:\/\/blog.polityka.pl\/adamczewski\/wp-json\/wp\/v2\/posts\/11007\/revisions"}],"wp:attachment":[{"href":"https:\/\/blog.polityka.pl\/adamczewski\/wp-json\/wp\/v2\/media?parent=11007"}],"wp:term":[{"taxonomy":"category","embeddable":true,"href":"https:\/\/blog.polityka.pl\/adamczewski\/wp-json\/wp\/v2\/categories?post=11007"},{"taxonomy":"post_tag","embeddable":true,"href":"https:\/\/blog.polityka.pl\/adamczewski\/wp-json\/wp\/v2\/tags?post=11007"}],"curies":[{"name":"wp","href":"https:\/\/api.w.org\/{rel}","templated":true}]}}