
{"id":11008,"date":"2012-01-20T08:00:39","date_gmt":"2012-01-20T07:00:39","guid":{"rendered":"http:\/\/adamczewscy.pl\/?p=3409"},"modified":"2012-01-20T08:00:39","modified_gmt":"2012-01-20T07:00:39","slug":"obiadowy-karp-faszerowany","status":"publish","type":"post","link":"https:\/\/blog.polityka.pl\/adamczewski\/2012\/01\/20\/obiadowy-karp-faszerowany\/","title":{"rendered":"Obiadowy karp faszerowany"},"content":{"rendered":"<p><em>Karp wagi do 2 kg, 3 z\u0105bki czosnku, 3 du\u017ce li\u015bcie selera, p\u00f3\u0142 p\u0119czka zielonej pietruszki, s\u00f3l, pieprz, \u0142y\u017ceczka soku cytrynowego, 5 \u0142y\u017cek oleju<br \/>\n<\/em><br \/>\n1. Karpia oczy\u015bci\u0107, umy\u0107, osuszy\u0107 kuchennym papierowym r\u0119cznikiem. Naci\u0105\u0107 w 4 miejscach na grzbiecie.<br \/>\n2. Przygotowa\u0107 farsz siekaj\u0105c drobno czosnek, li\u015bcie selera i pietruszk\u0119, doda\u0107 s\u00f3l, pieprz i sok cytrynowy i olej.<br \/>\n3. Wype\u0142ni\u0107 naci\u0119cia na grzbiecie ryby farszem, reszt\u0119 w\u0142o\u017cy\u0107 do otworu brzusznego.<br \/>\n4. Piec karpia w temperaturze 170 st. C oko\u0142o 30 minut, po czym wla\u0107 szklank\u0119 gor\u0105cej wody i dopiec ryb\u0119.<br \/>\nPodawa\u0107 karpia na gor\u0105co. <\/p>\n","protected":false},"excerpt":{"rendered":"<p>Karp wagi do 2 kg, 3 z\u0105bki czosnku, 3 du\u017ce li\u015bcie selera, p\u00f3\u0142 p\u0119czka zielonej pietruszki, s\u00f3l, pieprz, \u0142y\u017ceczka soku cytrynowego, 5 \u0142y\u017cek oleju 1. Karpia oczy\u015bci\u0107, umy\u0107, osuszy\u0107 kuchennym papierowym r\u0119cznikiem. Naci\u0105\u0107 w 4 miejscach na grzbiecie. 2. Przygotowa\u0107 farsz siekaj\u0105c drobno czosnek, li\u015bcie selera i pietruszk\u0119, doda\u0107 s\u00f3l, pieprz i sok cytrynowy i [&hellip;]<\/p>\n","protected":false},"author":2,"featured_media":0,"comment_status":"open","ping_status":"open","sticky":false,"template":"","format":"standard","meta":{"footnotes":""},"categories":[1],"tags":[],"_links":{"self":[{"href":"https:\/\/blog.polityka.pl\/adamczewski\/wp-json\/wp\/v2\/posts\/11008"}],"collection":[{"href":"https:\/\/blog.polityka.pl\/adamczewski\/wp-json\/wp\/v2\/posts"}],"about":[{"href":"https:\/\/blog.polityka.pl\/adamczewski\/wp-json\/wp\/v2\/types\/post"}],"author":[{"embeddable":true,"href":"https:\/\/blog.polityka.pl\/adamczewski\/wp-json\/wp\/v2\/users\/2"}],"replies":[{"embeddable":true,"href":"https:\/\/blog.polityka.pl\/adamczewski\/wp-json\/wp\/v2\/comments?post=11008"}],"version-history":[{"count":0,"href":"https:\/\/blog.polityka.pl\/adamczewski\/wp-json\/wp\/v2\/posts\/11008\/revisions"}],"wp:attachment":[{"href":"https:\/\/blog.polityka.pl\/adamczewski\/wp-json\/wp\/v2\/media?parent=11008"}],"wp:term":[{"taxonomy":"category","embeddable":true,"href":"https:\/\/blog.polityka.pl\/adamczewski\/wp-json\/wp\/v2\/categories?post=11008"},{"taxonomy":"post_tag","embeddable":true,"href":"https:\/\/blog.polityka.pl\/adamczewski\/wp-json\/wp\/v2\/tags?post=11008"}],"curies":[{"name":"wp","href":"https:\/\/api.w.org\/{rel}","templated":true}]}}