
{"id":11009,"date":"2012-01-20T08:01:42","date_gmt":"2012-01-20T07:01:42","guid":{"rendered":"http:\/\/adamczewscy.pl\/?p=3410"},"modified":"2012-01-20T08:01:42","modified_gmt":"2012-01-20T07:01:42","slug":"wolowina-z-majerankiem","status":"publish","type":"post","link":"https:\/\/blog.polityka.pl\/adamczewski\/2012\/01\/20\/wolowina-z-majerankiem\/","title":{"rendered":"Wo\u0142owina z majerankiem"},"content":{"rendered":"<p><em>50 dag wo\u0142owiny bez ko\u015bci, 2 \u0142y\u017cki oleju, p\u0142aska \u0142y\u017ceczka majeranku, 2 niedu\u017ce cebule, pieprz, s\u00f3l, 4 \u0142y\u017cki \u015bmietany, \u0142y\u017cka m\u0105ki<\/em><\/p>\n<p>1. Mi\u0119so pokroi\u0107 w centymetrowej szeroko\u015bci paski, posypa\u0107 pieprzem i sol\u0105 oraz majerankiem.<br \/>\n2. Cebul\u0119 posieka\u0107 zeszkli\u0107 na oleju, doda\u0107 mi\u0119so, chwil\u0119 podsma\u017ca\u0107, po czym wla\u0107 szklank\u0119 wody i dusi\u0107 do zupe\u0142nej mi\u0119kko\u015bci.<br \/>\n3. Wymiesza\u0107 m\u0105k\u0119 ze \u015bmietan\u0105 i kilkoma \u0142y\u017ckami wody, wla\u0107 do mi\u0119sa i gotowa\u0107 jeszcze 5 minut na wolnym ogniu. <\/p>\n","protected":false},"excerpt":{"rendered":"<p>50 dag wo\u0142owiny bez ko\u015bci, 2 \u0142y\u017cki oleju, p\u0142aska \u0142y\u017ceczka majeranku, 2 niedu\u017ce cebule, pieprz, s\u00f3l, 4 \u0142y\u017cki \u015bmietany, \u0142y\u017cka m\u0105ki 1. Mi\u0119so pokroi\u0107 w centymetrowej szeroko\u015bci paski, posypa\u0107 pieprzem i sol\u0105 oraz majerankiem. 2. Cebul\u0119 posieka\u0107 zeszkli\u0107 na oleju, doda\u0107 mi\u0119so, chwil\u0119 podsma\u017ca\u0107, po czym wla\u0107 szklank\u0119 wody i dusi\u0107 do zupe\u0142nej mi\u0119kko\u015bci. 3. [&hellip;]<\/p>\n","protected":false},"author":2,"featured_media":0,"comment_status":"open","ping_status":"open","sticky":false,"template":"","format":"standard","meta":{"footnotes":""},"categories":[1],"tags":[],"_links":{"self":[{"href":"https:\/\/blog.polityka.pl\/adamczewski\/wp-json\/wp\/v2\/posts\/11009"}],"collection":[{"href":"https:\/\/blog.polityka.pl\/adamczewski\/wp-json\/wp\/v2\/posts"}],"about":[{"href":"https:\/\/blog.polityka.pl\/adamczewski\/wp-json\/wp\/v2\/types\/post"}],"author":[{"embeddable":true,"href":"https:\/\/blog.polityka.pl\/adamczewski\/wp-json\/wp\/v2\/users\/2"}],"replies":[{"embeddable":true,"href":"https:\/\/blog.polityka.pl\/adamczewski\/wp-json\/wp\/v2\/comments?post=11009"}],"version-history":[{"count":0,"href":"https:\/\/blog.polityka.pl\/adamczewski\/wp-json\/wp\/v2\/posts\/11009\/revisions"}],"wp:attachment":[{"href":"https:\/\/blog.polityka.pl\/adamczewski\/wp-json\/wp\/v2\/media?parent=11009"}],"wp:term":[{"taxonomy":"category","embeddable":true,"href":"https:\/\/blog.polityka.pl\/adamczewski\/wp-json\/wp\/v2\/categories?post=11009"},{"taxonomy":"post_tag","embeddable":true,"href":"https:\/\/blog.polityka.pl\/adamczewski\/wp-json\/wp\/v2\/tags?post=11009"}],"curies":[{"name":"wp","href":"https:\/\/api.w.org\/{rel}","templated":true}]}}