
{"id":11010,"date":"2012-01-26T16:46:53","date_gmt":"2012-01-26T15:46:53","guid":{"rendered":"http:\/\/adamczewscy.pl\/?p=3415"},"modified":"2012-01-26T16:46:53","modified_gmt":"2012-01-26T15:46:53","slug":"cieleca-watrobka-pod-twarogiem","status":"publish","type":"post","link":"https:\/\/blog.polityka.pl\/adamczewski\/2012\/01\/26\/cieleca-watrobka-pod-twarogiem\/","title":{"rendered":"Ciel\u0119ca w\u0105tr\u00f3bka  pod twarogiem"},"content":{"rendered":"<p><em>50 dag ciel\u0119cej w\u0105tr\u00f3bki,2 \u0142y\u017cki m\u0105ki,3 \u0142y\u017cki oleju do sma\u017cenia, ?  szklanki jasnego piwa,2 \u0142y\u017cki rodzynek,2 \u0142y\u017cki obranych ze sk\u00f3rki migda\u0142\u00f3w,10 dag p\u00f3\u0142t\u0142ustego twarogu, s\u00f3l, pieprz<\/em><\/p>\n<p>1.W\u0105tr\u00f3bk\u0119 umy\u0107, osuszy\u0107 kuchennym papierowym r\u0119cznikiem, pokroi\u0107 w plasterki grubo\u015bci ok. 1-1,5 cm . Opr\u00f3szy\u0107 pieprzem ,obtoczy\u0107 w m\u0105ce.<br \/>\n2.Rozgrz\u0105\u0107 olej i szyb ko zrumieni\u0107 w\u0105tr\u00f3bk\u0119  ,po czym u\u0142o\u017cy\u0107 w \u017caroodpornym naczyniu, pola\u0107 piwem, posypa\u0107 rodzynkami i migda\u0142ami.<br \/>\n3.W piekarniku nagrzanym do temperatury 200 st. C podgrzewa\u0107 10 minut.<br \/>\n4.Posypa\u0107 wierzch w\u0105tr\u00f3bki przecieranym przez sitpo twarogiem i wstawi\u0107 do piekarnika do zapieczenia na 25 minut.<br \/>\nPodawa\u0107 potraw z dodatkiem ry\u017cu i pikantnej sur\u00f3wki.<\/p>\n","protected":false},"excerpt":{"rendered":"<p>50 dag ciel\u0119cej w\u0105tr\u00f3bki,2 \u0142y\u017cki m\u0105ki,3 \u0142y\u017cki oleju do sma\u017cenia, ? szklanki jasnego piwa,2 \u0142y\u017cki rodzynek,2 \u0142y\u017cki obranych ze sk\u00f3rki migda\u0142\u00f3w,10 dag p\u00f3\u0142t\u0142ustego twarogu, s\u00f3l, pieprz 1.W\u0105tr\u00f3bk\u0119 umy\u0107, osuszy\u0107 kuchennym papierowym r\u0119cznikiem, pokroi\u0107 w plasterki grubo\u015bci ok. 1-1,5 cm . Opr\u00f3szy\u0107 pieprzem ,obtoczy\u0107 w m\u0105ce. 2.Rozgrz\u0105\u0107 olej i szyb ko zrumieni\u0107 w\u0105tr\u00f3bk\u0119 ,po czym u\u0142o\u017cy\u0107 [&hellip;]<\/p>\n","protected":false},"author":2,"featured_media":0,"comment_status":"open","ping_status":"open","sticky":false,"template":"","format":"standard","meta":{"footnotes":""},"categories":[1],"tags":[],"_links":{"self":[{"href":"https:\/\/blog.polityka.pl\/adamczewski\/wp-json\/wp\/v2\/posts\/11010"}],"collection":[{"href":"https:\/\/blog.polityka.pl\/adamczewski\/wp-json\/wp\/v2\/posts"}],"about":[{"href":"https:\/\/blog.polityka.pl\/adamczewski\/wp-json\/wp\/v2\/types\/post"}],"author":[{"embeddable":true,"href":"https:\/\/blog.polityka.pl\/adamczewski\/wp-json\/wp\/v2\/users\/2"}],"replies":[{"embeddable":true,"href":"https:\/\/blog.polityka.pl\/adamczewski\/wp-json\/wp\/v2\/comments?post=11010"}],"version-history":[{"count":0,"href":"https:\/\/blog.polityka.pl\/adamczewski\/wp-json\/wp\/v2\/posts\/11010\/revisions"}],"wp:attachment":[{"href":"https:\/\/blog.polityka.pl\/adamczewski\/wp-json\/wp\/v2\/media?parent=11010"}],"wp:term":[{"taxonomy":"category","embeddable":true,"href":"https:\/\/blog.polityka.pl\/adamczewski\/wp-json\/wp\/v2\/categories?post=11010"},{"taxonomy":"post_tag","embeddable":true,"href":"https:\/\/blog.polityka.pl\/adamczewski\/wp-json\/wp\/v2\/tags?post=11010"}],"curies":[{"name":"wp","href":"https:\/\/api.w.org\/{rel}","templated":true}]}}