
{"id":11011,"date":"2012-01-26T16:47:32","date_gmt":"2012-01-26T15:47:32","guid":{"rendered":"http:\/\/adamczewscy.pl\/?p=3416"},"modified":"2012-01-26T16:47:32","modified_gmt":"2012-01-26T15:47:32","slug":"kapusniak-pomidorowy","status":"publish","type":"post","link":"https:\/\/blog.polityka.pl\/adamczewski\/2012\/01\/26\/kapusniak-pomidorowy\/","title":{"rendered":"Kapu\u015bniak pomidorowy"},"content":{"rendered":"<p><em>Ko\u015b\u0107 schabowa lub 20-30 dag \u017ceberek wieprzowych, kawa\u0142ek roso\u0142owej wo\u0142owiny,2 marchwie, pietruszka, kawa\u0142ek selera,por,4 ziemniaki,25 dag kiszonej kapusty,2 li\u015bcie laurowe,3 ziarna ziela angielskiego, spora szczypta  ziaren kminku,2 suszone grzyby,2 \u0142y\u017cki koncentratu pomidorowego, majeranek ,mielona s\u0142odka papryka, pieprz, s\u00f3l, ew. do smaku Vegeta lub inna warzywna przyprawa<\/em><\/p>\n<p>1. Kapust\u0119 przesieka\u0107  i doda\u0107   grzyby oraz 2 szklanki wody. Gotowa\u0107  30 minut.<br \/>\n2. W\u0142oszczyzn\u0119 obra\u0107, marchew pokroi\u0107 na kawa\u0142ki pozosta\u0142e cz\u0119\u015bci w\u0142oszczyzny pozostawi\u0107 w ca\u0142o\u015bci, doda\u0107 ziele angielskie i li\u015b\u0107 laurowy oraz kminek, wla\u0107 2 szklanki wody, doda\u0107 obrane i pokrojone w kostk\u0119 ziemniaki  i  gotowa\u0107 30 minut.<br \/>\n3. Mi\u0119so pokroi\u0107  a ko\u015b\u0107  podzieli\u0107 na drobne cz\u0119\u015b\u0107 ,doda\u0107  podgotowan\u0105 kapust\u0119 oraz wywar z w\u0142oszczyzny wraz z kawa\u0142kami marchwi.  Dola\u0107 szklank\u0119 wody. Gotowa\u0107 30 minut.<br \/>\n4. Do zupy doda\u0107 majeranek i koncentrat pomidorowy, doprawi\u0107 pieprzem, ew. sol\u0105 mielon\u0105 papryk\u0105 i Veget\u0105.<br \/>\nKapu\u015bniak doskonale smakuje z dodatkiem  kromki \u015bwie\u017cego chleba .<\/p>\n","protected":false},"excerpt":{"rendered":"<p>Ko\u015b\u0107 schabowa lub 20-30 dag \u017ceberek wieprzowych, kawa\u0142ek roso\u0142owej wo\u0142owiny,2 marchwie, pietruszka, kawa\u0142ek selera,por,4 ziemniaki,25 dag kiszonej kapusty,2 li\u015bcie laurowe,3 ziarna ziela angielskiego, spora szczypta ziaren kminku,2 suszone grzyby,2 \u0142y\u017cki koncentratu pomidorowego, majeranek ,mielona s\u0142odka papryka, pieprz, s\u00f3l, ew. do smaku Vegeta lub inna warzywna przyprawa 1. Kapust\u0119 przesieka\u0107 i doda\u0107 grzyby oraz 2 szklanki [&hellip;]<\/p>\n","protected":false},"author":2,"featured_media":0,"comment_status":"open","ping_status":"open","sticky":false,"template":"","format":"standard","meta":{"footnotes":""},"categories":[1],"tags":[],"_links":{"self":[{"href":"https:\/\/blog.polityka.pl\/adamczewski\/wp-json\/wp\/v2\/posts\/11011"}],"collection":[{"href":"https:\/\/blog.polityka.pl\/adamczewski\/wp-json\/wp\/v2\/posts"}],"about":[{"href":"https:\/\/blog.polityka.pl\/adamczewski\/wp-json\/wp\/v2\/types\/post"}],"author":[{"embeddable":true,"href":"https:\/\/blog.polityka.pl\/adamczewski\/wp-json\/wp\/v2\/users\/2"}],"replies":[{"embeddable":true,"href":"https:\/\/blog.polityka.pl\/adamczewski\/wp-json\/wp\/v2\/comments?post=11011"}],"version-history":[{"count":0,"href":"https:\/\/blog.polityka.pl\/adamczewski\/wp-json\/wp\/v2\/posts\/11011\/revisions"}],"wp:attachment":[{"href":"https:\/\/blog.polityka.pl\/adamczewski\/wp-json\/wp\/v2\/media?parent=11011"}],"wp:term":[{"taxonomy":"category","embeddable":true,"href":"https:\/\/blog.polityka.pl\/adamczewski\/wp-json\/wp\/v2\/categories?post=11011"},{"taxonomy":"post_tag","embeddable":true,"href":"https:\/\/blog.polityka.pl\/adamczewski\/wp-json\/wp\/v2\/tags?post=11011"}],"curies":[{"name":"wp","href":"https:\/\/api.w.org\/{rel}","templated":true}]}}