
{"id":11014,"date":"2012-02-03T08:20:46","date_gmt":"2012-02-03T07:20:46","guid":{"rendered":"http:\/\/adamczewscy.pl\/?p=3420"},"modified":"2012-02-03T08:20:46","modified_gmt":"2012-02-03T07:20:46","slug":"zupa-francuska-z-cebulowymi-grzankami","status":"publish","type":"post","link":"https:\/\/blog.polityka.pl\/adamczewski\/2012\/02\/03\/zupa-francuska-z-cebulowymi-grzankami\/","title":{"rendered":"Zupa francuska z cebulowymi grzankami"},"content":{"rendered":"<p><em>4 szklanki bulionu drobiowego z kostki lub esencjonalnego roso\u0142y, 2 \u0142y\u017cki posiekanego szczypiorku, s\u00f3l, pieprz, \u0142y\u017ceczka pokrojonego na wi\u00f3rki zmro\u017conego mas\u0142a, 3 \u0142y\u017cki startego \u017c\u00f3\u0142tego sera , 6 kromek bia\u0142ego chleba, 2 du\u017ce cebule, 2 \u0142y\u017cki mas\u0142a<br \/>\n<\/em><br \/>\n1. Cebule posieka\u0107 drobno, udusi\u0107 na ma\u015ble.<br \/>\n2. Kromki chleba podpiec w tosterze lub na suchej patelni.<br \/>\n3. Ka\u017cd\u0105 kromk\u0119 posmarowa\u0107 uduszon\u0105 cebul\u0105, lekko posypa\u0107 startym \u017c\u00f3\u0142tym serem (2 \u0142y\u017ckami).<br \/>\n4. U\u0142o\u017cy\u0107 grzanki z cebul\u0105 na dnie \u017caroodpornych miseczek, zala\u0107 gor\u0105cym roso\u0142em lub bulionem doprawionym sol\u0105 i pieprzem. W nagrzanym do 200 st. C piekarniku zapieka\u0107 zup\u0119 20 minut.<br \/>\n5. Podaj\u0105c ka\u017cd\u0105 porcj\u0119 zupy posypa\u0107 siekanym szczypiorkiem, wrzuci\u0107 po odrobinie wi\u00f3rk\u00f3w mas\u0142a i startego sera. <\/p>\n","protected":false},"excerpt":{"rendered":"<p>4 szklanki bulionu drobiowego z kostki lub esencjonalnego roso\u0142y, 2 \u0142y\u017cki posiekanego szczypiorku, s\u00f3l, pieprz, \u0142y\u017ceczka pokrojonego na wi\u00f3rki zmro\u017conego mas\u0142a, 3 \u0142y\u017cki startego \u017c\u00f3\u0142tego sera , 6 kromek bia\u0142ego chleba, 2 du\u017ce cebule, 2 \u0142y\u017cki mas\u0142a 1. Cebule posieka\u0107 drobno, udusi\u0107 na ma\u015ble. 2. Kromki chleba podpiec w tosterze lub na suchej patelni. 3. [&hellip;]<\/p>\n","protected":false},"author":2,"featured_media":0,"comment_status":"open","ping_status":"open","sticky":false,"template":"","format":"standard","meta":{"footnotes":""},"categories":[1],"tags":[],"_links":{"self":[{"href":"https:\/\/blog.polityka.pl\/adamczewski\/wp-json\/wp\/v2\/posts\/11014"}],"collection":[{"href":"https:\/\/blog.polityka.pl\/adamczewski\/wp-json\/wp\/v2\/posts"}],"about":[{"href":"https:\/\/blog.polityka.pl\/adamczewski\/wp-json\/wp\/v2\/types\/post"}],"author":[{"embeddable":true,"href":"https:\/\/blog.polityka.pl\/adamczewski\/wp-json\/wp\/v2\/users\/2"}],"replies":[{"embeddable":true,"href":"https:\/\/blog.polityka.pl\/adamczewski\/wp-json\/wp\/v2\/comments?post=11014"}],"version-history":[{"count":0,"href":"https:\/\/blog.polityka.pl\/adamczewski\/wp-json\/wp\/v2\/posts\/11014\/revisions"}],"wp:attachment":[{"href":"https:\/\/blog.polityka.pl\/adamczewski\/wp-json\/wp\/v2\/media?parent=11014"}],"wp:term":[{"taxonomy":"category","embeddable":true,"href":"https:\/\/blog.polityka.pl\/adamczewski\/wp-json\/wp\/v2\/categories?post=11014"},{"taxonomy":"post_tag","embeddable":true,"href":"https:\/\/blog.polityka.pl\/adamczewski\/wp-json\/wp\/v2\/tags?post=11014"}],"curies":[{"name":"wp","href":"https:\/\/api.w.org\/{rel}","templated":true}]}}