
{"id":11018,"date":"2012-02-03T08:23:55","date_gmt":"2012-02-03T07:23:55","guid":{"rendered":"http:\/\/adamczewscy.pl\/?p=3424"},"modified":"2012-02-03T08:23:55","modified_gmt":"2012-02-03T07:23:55","slug":"ciasteczka-owsiane","status":"publish","type":"post","link":"https:\/\/blog.polityka.pl\/adamczewski\/2012\/02\/03\/ciasteczka-owsiane\/","title":{"rendered":"Ciasteczka owsiane"},"content":{"rendered":"<p><em>50 dag p\u0142atk\u00f3w owsianych, 4 jajka, ? szklanki cukru, 25 dag mas\u0142a, 1\/2 szklanki orzech\u00f3w, \u0142y\u017ceczka proszku do pieczenia, kilka kropli aromatu migda\u0142owego, p\u00f3\u0142 szklanki posiekanych orzech\u00f3w w\u0142oskich<br \/>\n<\/em><br \/>\n1. P\u0142atki owsiane zrumieni\u0107 na suchej patelni. Na du\u017cej desce lub stolnicy lekko rozdrobni\u0107 wa\u0142kiem do ciasta.<br \/>\n2. Po\u0142ow\u0119 porcji cukru utrze\u0107 z mas\u0142em i \u017c\u00f3\u0142tkami, doda\u0107 pian\u0119 ubit\u0105 z bia\u0142ek, reszt\u0119 cukru i wszystkie pozosta\u0142e sk\u0142adniki czyli p\u0142atki, aromat, orzechy i proszek do pieczenia.<br \/>\n3. Na blaszce wy\u0142o\u017conej papierem do pieczenia uk\u0142ada\u0107 kulki wielko\u015bci orzecha. Piec na rumiano. <\/p>\n","protected":false},"excerpt":{"rendered":"<p>50 dag p\u0142atk\u00f3w owsianych, 4 jajka, ? szklanki cukru, 25 dag mas\u0142a, 1\/2 szklanki orzech\u00f3w, \u0142y\u017ceczka proszku do pieczenia, kilka kropli aromatu migda\u0142owego, p\u00f3\u0142 szklanki posiekanych orzech\u00f3w w\u0142oskich 1. P\u0142atki owsiane zrumieni\u0107 na suchej patelni. Na du\u017cej desce lub stolnicy lekko rozdrobni\u0107 wa\u0142kiem do ciasta. 2. Po\u0142ow\u0119 porcji cukru utrze\u0107 z mas\u0142em i \u017c\u00f3\u0142tkami, doda\u0107 [&hellip;]<\/p>\n","protected":false},"author":2,"featured_media":0,"comment_status":"open","ping_status":"open","sticky":false,"template":"","format":"standard","meta":{"footnotes":""},"categories":[1],"tags":[],"_links":{"self":[{"href":"https:\/\/blog.polityka.pl\/adamczewski\/wp-json\/wp\/v2\/posts\/11018"}],"collection":[{"href":"https:\/\/blog.polityka.pl\/adamczewski\/wp-json\/wp\/v2\/posts"}],"about":[{"href":"https:\/\/blog.polityka.pl\/adamczewski\/wp-json\/wp\/v2\/types\/post"}],"author":[{"embeddable":true,"href":"https:\/\/blog.polityka.pl\/adamczewski\/wp-json\/wp\/v2\/users\/2"}],"replies":[{"embeddable":true,"href":"https:\/\/blog.polityka.pl\/adamczewski\/wp-json\/wp\/v2\/comments?post=11018"}],"version-history":[{"count":0,"href":"https:\/\/blog.polityka.pl\/adamczewski\/wp-json\/wp\/v2\/posts\/11018\/revisions"}],"wp:attachment":[{"href":"https:\/\/blog.polityka.pl\/adamczewski\/wp-json\/wp\/v2\/media?parent=11018"}],"wp:term":[{"taxonomy":"category","embeddable":true,"href":"https:\/\/blog.polityka.pl\/adamczewski\/wp-json\/wp\/v2\/categories?post=11018"},{"taxonomy":"post_tag","embeddable":true,"href":"https:\/\/blog.polityka.pl\/adamczewski\/wp-json\/wp\/v2\/tags?post=11018"}],"curies":[{"name":"wp","href":"https:\/\/api.w.org\/{rel}","templated":true}]}}