
{"id":11019,"date":"2012-02-10T10:44:37","date_gmt":"2012-02-10T09:44:37","guid":{"rendered":"http:\/\/adamczewscy.pl\/?p=3426"},"modified":"2012-02-10T10:44:37","modified_gmt":"2012-02-10T09:44:37","slug":"zupa-warzywna-ze-skwarkami","status":"publish","type":"post","link":"https:\/\/blog.polityka.pl\/adamczewski\/2012\/02\/10\/zupa-warzywna-ze-skwarkami\/","title":{"rendered":"Zupa warzywna ze skwarkami"},"content":{"rendered":"<p><em>Cebula,2  z\u0105bki czosnku,3\/4 szklanki pokrojonego w kostk\u0119 w\u0119dzonego boczku, 2 \u0142y\u017cki oliwy, 4 w\u0105skie marchewki, \u0142ody\u017cka selera naciowego,3 listki kapusty, szklanka mro\u017conego groszku, 4 szklanki bulionu z kostki lub roso\u0142u. Jako dodatek: szklanka ugotowanego drobnego makaronu<\/em><\/p>\n<p>1. Pokroi\u0107 obran\u0105 marchew w cienkie plasterki, selerow\u0105 \u0142odyg\u0119 w drobn\u0105 kostk\u0119 , li\u015bcie kapusty w w\u0105skie paski. Cebul\u0119 i czosnek posieka\u0107.<br \/>\n2. Rozgrza\u0107 oliw\u0119, wrzuci\u0107 cebul\u0119 z czosnkiem oraz kostki boczku. Chwil\u0119 sma\u017cy\u0107, doda\u0107 groszek, marchewk\u0119, seler i kapust\u0119, po chwili wla\u0107 bulion lub ros\u00f3\u0142 i gotowa\u0107 15 minut na ma\u0142ym ogniu.<br \/>\n3. Do zupy doda\u0107 makaron, zagrza\u0107 raz jeszcze i podawa\u0107.<\/p>\n","protected":false},"excerpt":{"rendered":"<p>Cebula,2 z\u0105bki czosnku,3\/4 szklanki pokrojonego w kostk\u0119 w\u0119dzonego boczku, 2 \u0142y\u017cki oliwy, 4 w\u0105skie marchewki, \u0142ody\u017cka selera naciowego,3 listki kapusty, szklanka mro\u017conego groszku, 4 szklanki bulionu z kostki lub roso\u0142u. Jako dodatek: szklanka ugotowanego drobnego makaronu 1. Pokroi\u0107 obran\u0105 marchew w cienkie plasterki, selerow\u0105 \u0142odyg\u0119 w drobn\u0105 kostk\u0119 , li\u015bcie kapusty w w\u0105skie paski. Cebul\u0119 [&hellip;]<\/p>\n","protected":false},"author":2,"featured_media":0,"comment_status":"open","ping_status":"open","sticky":false,"template":"","format":"standard","meta":{"footnotes":""},"categories":[1],"tags":[],"_links":{"self":[{"href":"https:\/\/blog.polityka.pl\/adamczewski\/wp-json\/wp\/v2\/posts\/11019"}],"collection":[{"href":"https:\/\/blog.polityka.pl\/adamczewski\/wp-json\/wp\/v2\/posts"}],"about":[{"href":"https:\/\/blog.polityka.pl\/adamczewski\/wp-json\/wp\/v2\/types\/post"}],"author":[{"embeddable":true,"href":"https:\/\/blog.polityka.pl\/adamczewski\/wp-json\/wp\/v2\/users\/2"}],"replies":[{"embeddable":true,"href":"https:\/\/blog.polityka.pl\/adamczewski\/wp-json\/wp\/v2\/comments?post=11019"}],"version-history":[{"count":0,"href":"https:\/\/blog.polityka.pl\/adamczewski\/wp-json\/wp\/v2\/posts\/11019\/revisions"}],"wp:attachment":[{"href":"https:\/\/blog.polityka.pl\/adamczewski\/wp-json\/wp\/v2\/media?parent=11019"}],"wp:term":[{"taxonomy":"category","embeddable":true,"href":"https:\/\/blog.polityka.pl\/adamczewski\/wp-json\/wp\/v2\/categories?post=11019"},{"taxonomy":"post_tag","embeddable":true,"href":"https:\/\/blog.polityka.pl\/adamczewski\/wp-json\/wp\/v2\/tags?post=11019"}],"curies":[{"name":"wp","href":"https:\/\/api.w.org\/{rel}","templated":true}]}}