
{"id":11020,"date":"2012-02-10T10:45:04","date_gmt":"2012-02-10T09:45:04","guid":{"rendered":"http:\/\/adamczewscy.pl\/?p=3427"},"modified":"2012-02-10T10:45:04","modified_gmt":"2012-02-10T09:45:04","slug":"watrobka-w-kaparach","status":"publish","type":"post","link":"https:\/\/blog.polityka.pl\/adamczewski\/2012\/02\/10\/watrobka-w-kaparach\/","title":{"rendered":"W\u0105tr\u00f3bka w kaparach"},"content":{"rendered":"<p><em>50 dag ciel\u0119cej w\u0105tr\u00f3bki,3 \u0142y\u017cki ods\u0105czonych  z zalewy  kapar\u00f3w,3\/4 szklanki \u015bmietany 30-proc., ?  szklanki  wytrawnego bia\u0142ego wina,4-6 plasterk\u00f3w boczku w\u0119dzonego lub bekonu,4 \u0142y\u017cki oliwy,4 \u0142y\u017cki mas\u0142a,3 \u0142y\u017cki m\u0105ki, s\u00f3l, pieprz<\/em><\/p>\n<p>1. Plastry boczku u\u0142o\u017cy\u0107 na suchej blaszce upiec w piekarniku w temperaturze 190 st. C. Powinny sta\u0107 si\u0119 chrupkie i zrumienione.<br \/>\n2. Pokroi\u0107 w\u0105tr\u00f3bk\u0119 na plasterki, ka\u017cdy posypa\u0107 lekko m\u0105k\u0105. Na patelni rozgrza\u0107 mas\u0142o z oliw\u0105, podsma\u017cy\u0107  w\u0105tr\u00f3bk\u0119 po 1,5 minuty z ka\u017cdej strony, po czym wla\u0107 bia\u0142e wino i pod przykryciem dusi\u0107 3 minuty.<br \/>\n3. Doprawi\u0107 w\u0105tr\u00f3bk\u0119 sol\u0105 i pieprzem, doda\u0107 \u015bmietan\u0119 i kapary i dusi\u0107 kolejne 2 minuty.<\/p>\n","protected":false},"excerpt":{"rendered":"<p>50 dag ciel\u0119cej w\u0105tr\u00f3bki,3 \u0142y\u017cki ods\u0105czonych z zalewy kapar\u00f3w,3\/4 szklanki \u015bmietany 30-proc., ? szklanki wytrawnego bia\u0142ego wina,4-6 plasterk\u00f3w boczku w\u0119dzonego lub bekonu,4 \u0142y\u017cki oliwy,4 \u0142y\u017cki mas\u0142a,3 \u0142y\u017cki m\u0105ki, s\u00f3l, pieprz 1. Plastry boczku u\u0142o\u017cy\u0107 na suchej blaszce upiec w piekarniku w temperaturze 190 st. C. Powinny sta\u0107 si\u0119 chrupkie i zrumienione. 2. Pokroi\u0107 w\u0105tr\u00f3bk\u0119 na [&hellip;]<\/p>\n","protected":false},"author":2,"featured_media":0,"comment_status":"open","ping_status":"open","sticky":false,"template":"","format":"standard","meta":{"footnotes":""},"categories":[1],"tags":[],"_links":{"self":[{"href":"https:\/\/blog.polityka.pl\/adamczewski\/wp-json\/wp\/v2\/posts\/11020"}],"collection":[{"href":"https:\/\/blog.polityka.pl\/adamczewski\/wp-json\/wp\/v2\/posts"}],"about":[{"href":"https:\/\/blog.polityka.pl\/adamczewski\/wp-json\/wp\/v2\/types\/post"}],"author":[{"embeddable":true,"href":"https:\/\/blog.polityka.pl\/adamczewski\/wp-json\/wp\/v2\/users\/2"}],"replies":[{"embeddable":true,"href":"https:\/\/blog.polityka.pl\/adamczewski\/wp-json\/wp\/v2\/comments?post=11020"}],"version-history":[{"count":0,"href":"https:\/\/blog.polityka.pl\/adamczewski\/wp-json\/wp\/v2\/posts\/11020\/revisions"}],"wp:attachment":[{"href":"https:\/\/blog.polityka.pl\/adamczewski\/wp-json\/wp\/v2\/media?parent=11020"}],"wp:term":[{"taxonomy":"category","embeddable":true,"href":"https:\/\/blog.polityka.pl\/adamczewski\/wp-json\/wp\/v2\/categories?post=11020"},{"taxonomy":"post_tag","embeddable":true,"href":"https:\/\/blog.polityka.pl\/adamczewski\/wp-json\/wp\/v2\/tags?post=11020"}],"curies":[{"name":"wp","href":"https:\/\/api.w.org\/{rel}","templated":true}]}}