
{"id":11021,"date":"2012-02-10T10:45:27","date_gmt":"2012-02-10T09:45:27","guid":{"rendered":"http:\/\/adamczewscy.pl\/?p=3428"},"modified":"2012-02-10T10:45:27","modified_gmt":"2012-02-10T09:45:27","slug":"tort-bulkowy","status":"publish","type":"post","link":"https:\/\/blog.polityka.pl\/adamczewski\/2012\/02\/10\/tort-bulkowy\/","title":{"rendered":"Tort bu\u0142kowy"},"content":{"rendered":"<p><em>?  bu\u0142ki wroc\u0142awskiej, 2 jab\u0142ka, 20 dag suszonych \u015bliwek bez pestek, 4 \u0142y\u017cki cukru, 2 jajka, ? szklanki mleka, tarta bu\u0142ka, \u0142y\u017ceczka mas\u0142a<\/em><\/p>\n<p>1. Tortownic\u0119 posmarowa\u0107 \u0142y\u017ceczk\u0105 mas\u0142a i wysypa\u0107 tart\u0105 bu\u0142k\u0105.<br \/>\n2. Bu\u0142k\u0119 wroc\u0142awsk\u0105 pokroi\u0107 w cienkie plasterki, jab\u0142ka po usuni\u0119ciu gniazd nasiennych w plasterki a \u015bliwki w kostk\u0119.<br \/>\n3. W torownicy u\u0142o\u017cy\u0107 warstw\u0119 bu\u0142ki, na niej plasterki jab\u0142ka i pokrojonych \u015bliwek, posypa\u0107 cukrem , po czym u\u0142o\u017cy\u0107 nast\u0119pn\u0105 warstw\u0119 plasterk\u00f3w bu\u0142ki.<br \/>\n4. Wymiesza\u0107 mleko z jajkami i zala\u0107 potraw\u0119.<br \/>\n5. Zapieka\u0107 w piekarniku do momentu zrumienienia wierzchu.<\/p>\n","protected":false},"excerpt":{"rendered":"<p>? bu\u0142ki wroc\u0142awskiej, 2 jab\u0142ka, 20 dag suszonych \u015bliwek bez pestek, 4 \u0142y\u017cki cukru, 2 jajka, ? szklanki mleka, tarta bu\u0142ka, \u0142y\u017ceczka mas\u0142a 1. Tortownic\u0119 posmarowa\u0107 \u0142y\u017ceczk\u0105 mas\u0142a i wysypa\u0107 tart\u0105 bu\u0142k\u0105. 2. Bu\u0142k\u0119 wroc\u0142awsk\u0105 pokroi\u0107 w cienkie plasterki, jab\u0142ka po usuni\u0119ciu gniazd nasiennych w plasterki a \u015bliwki w kostk\u0119. 3. W torownicy u\u0142o\u017cy\u0107 warstw\u0119 [&hellip;]<\/p>\n","protected":false},"author":2,"featured_media":0,"comment_status":"open","ping_status":"open","sticky":false,"template":"","format":"standard","meta":{"footnotes":""},"categories":[1],"tags":[],"_links":{"self":[{"href":"https:\/\/blog.polityka.pl\/adamczewski\/wp-json\/wp\/v2\/posts\/11021"}],"collection":[{"href":"https:\/\/blog.polityka.pl\/adamczewski\/wp-json\/wp\/v2\/posts"}],"about":[{"href":"https:\/\/blog.polityka.pl\/adamczewski\/wp-json\/wp\/v2\/types\/post"}],"author":[{"embeddable":true,"href":"https:\/\/blog.polityka.pl\/adamczewski\/wp-json\/wp\/v2\/users\/2"}],"replies":[{"embeddable":true,"href":"https:\/\/blog.polityka.pl\/adamczewski\/wp-json\/wp\/v2\/comments?post=11021"}],"version-history":[{"count":0,"href":"https:\/\/blog.polityka.pl\/adamczewski\/wp-json\/wp\/v2\/posts\/11021\/revisions"}],"wp:attachment":[{"href":"https:\/\/blog.polityka.pl\/adamczewski\/wp-json\/wp\/v2\/media?parent=11021"}],"wp:term":[{"taxonomy":"category","embeddable":true,"href":"https:\/\/blog.polityka.pl\/adamczewski\/wp-json\/wp\/v2\/categories?post=11021"},{"taxonomy":"post_tag","embeddable":true,"href":"https:\/\/blog.polityka.pl\/adamczewski\/wp-json\/wp\/v2\/tags?post=11021"}],"curies":[{"name":"wp","href":"https:\/\/api.w.org\/{rel}","templated":true}]}}