
{"id":11022,"date":"2012-02-10T10:46:11","date_gmt":"2012-02-10T09:46:11","guid":{"rendered":"http:\/\/adamczewscy.pl\/?p=3429"},"modified":"2012-02-10T10:46:11","modified_gmt":"2012-02-10T09:46:11","slug":"tarta-waniliowa-z-bezowa-kolderka","status":"publish","type":"post","link":"https:\/\/blog.polityka.pl\/adamczewski\/2012\/02\/10\/tarta-waniliowa-z-bezowa-kolderka\/","title":{"rendered":"Tarta waniliowa z bezow\u0105 ko\u0142derk\u0105"},"content":{"rendered":"<p><em>Na ciasto: szklanka m\u0105ki, \u017c\u00f3\u0142tko,10 dag mas\u0142a, 2 \u0142y\u017cki cukru pudru<br \/>\nNa krem: 2 \u017c\u00f3\u0142tka, 2 \u0142y\u017cki m\u0105ki ziemniaczanej, \u0142y\u017cka cukru, p\u00f3\u0142 \u0142y\u017ceczki cukru waniliowego, kawa\u0142ek laski wanilii, 2 szklanki mleka, \u0142y\u017cka mas\u0142a, kropla aromatu cytrynowego lub waniliowego<br \/>\nNa bez\u0119: 4 bia\u0142ka, 4 \u0142y\u017cki cukru<\/em><\/p>\n<p>1. Przygotowa\u0107 ciasto siekaj\u0105c m\u0105k\u0119 z pozosta\u0142ymi sk\u0142adnikami, doda\u0107 2 \u0142y\u017cki wody i zagnie\u015b\u0107 ciasto. Zawini\u0119te w foli\u0119 do \u017cywno\u015bci umie\u015bci\u0107 w lod\u00f3wce na 2 godziny.<br \/>\n2. Wylepi\u0107 form\u0119 ciastem, dno nak\u0142u\u0107  widelcem. Podpiec  15 minut w nagrzanym do 200 st. C.<br \/>\n3. Przygotowa\u0107 krem: utrze\u0107 \u017c\u00f3\u0142tka z cukrem waniliowym i zwyk\u0142ym, doda\u0107 m\u0105k\u0119 ziemniaczan\u0105, wymiesza\u0107.<br \/>\n4. Zagotowa\u0107 mleko, po czym wlewaj\u0105c powoli do utartych \u017c\u00f3\u0142tek dok\u0142adnie wymiesza\u0107. Przela\u0107 ca\u0142o\u015b\u0107 do garnka, doda\u0107 wanili\u0119 i zapach cytrynowy lub waniliowy i gotowa\u0107 mieszaj\u0105c, a\u017c krem zg\u0119stnieje.<br \/>\n5. Krem prze\u0142o\u017cy\u0107 na podpieczone ciasto i wstawi\u0107 na 20 minut do nagrzanego do 180 st. C piekarnika.<br \/>\n6. Ubi\u0107 sztywn\u0105 pian\u0119 z bia\u0142ek z odrobin\u0105 soli i pod koniec ubijania dodanym cukrem. Pian\u0119 wy\u0142o\u017cy\u0107 na ciasto.<br \/>\n7. Tart\u0119 zapieka\u0107 jeszcze 10 minut w temperaturze 180 st. C. <\/p>\n","protected":false},"excerpt":{"rendered":"<p>Na ciasto: szklanka m\u0105ki, \u017c\u00f3\u0142tko,10 dag mas\u0142a, 2 \u0142y\u017cki cukru pudru Na krem: 2 \u017c\u00f3\u0142tka, 2 \u0142y\u017cki m\u0105ki ziemniaczanej, \u0142y\u017cka cukru, p\u00f3\u0142 \u0142y\u017ceczki cukru waniliowego, kawa\u0142ek laski wanilii, 2 szklanki mleka, \u0142y\u017cka mas\u0142a, kropla aromatu cytrynowego lub waniliowego Na bez\u0119: 4 bia\u0142ka, 4 \u0142y\u017cki cukru 1. Przygotowa\u0107 ciasto siekaj\u0105c m\u0105k\u0119 z pozosta\u0142ymi sk\u0142adnikami, doda\u0107 2 [&hellip;]<\/p>\n","protected":false},"author":2,"featured_media":0,"comment_status":"open","ping_status":"open","sticky":false,"template":"","format":"standard","meta":{"footnotes":""},"categories":[1],"tags":[],"_links":{"self":[{"href":"https:\/\/blog.polityka.pl\/adamczewski\/wp-json\/wp\/v2\/posts\/11022"}],"collection":[{"href":"https:\/\/blog.polityka.pl\/adamczewski\/wp-json\/wp\/v2\/posts"}],"about":[{"href":"https:\/\/blog.polityka.pl\/adamczewski\/wp-json\/wp\/v2\/types\/post"}],"author":[{"embeddable":true,"href":"https:\/\/blog.polityka.pl\/adamczewski\/wp-json\/wp\/v2\/users\/2"}],"replies":[{"embeddable":true,"href":"https:\/\/blog.polityka.pl\/adamczewski\/wp-json\/wp\/v2\/comments?post=11022"}],"version-history":[{"count":0,"href":"https:\/\/blog.polityka.pl\/adamczewski\/wp-json\/wp\/v2\/posts\/11022\/revisions"}],"wp:attachment":[{"href":"https:\/\/blog.polityka.pl\/adamczewski\/wp-json\/wp\/v2\/media?parent=11022"}],"wp:term":[{"taxonomy":"category","embeddable":true,"href":"https:\/\/blog.polityka.pl\/adamczewski\/wp-json\/wp\/v2\/categories?post=11022"},{"taxonomy":"post_tag","embeddable":true,"href":"https:\/\/blog.polityka.pl\/adamczewski\/wp-json\/wp\/v2\/tags?post=11022"}],"curies":[{"name":"wp","href":"https:\/\/api.w.org\/{rel}","templated":true}]}}