
{"id":11023,"date":"2012-02-10T10:46:43","date_gmt":"2012-02-10T09:46:43","guid":{"rendered":"http:\/\/adamczewscy.pl\/?p=3430"},"modified":"2012-02-10T10:46:43","modified_gmt":"2012-02-10T09:46:43","slug":"piers-kaczki-grillowana-z-owocami","status":"publish","type":"post","link":"https:\/\/blog.polityka.pl\/adamczewski\/2012\/02\/10\/piers-kaczki-grillowana-z-owocami\/","title":{"rendered":"Pier\u015b kaczki grillowana z owocami"},"content":{"rendered":"<p><em>Pier\u015b kaczki, s\u00f3l, pieprz gruboziarnisty, papryka s\u0142odka, jab\u0142ka, pomara\u0144cza, suszone \u015bliwki, bekon w plasterkach <\/em><\/p>\n<p>1. Ponacina\u0107 sk\u00f3r\u0119 piersi i doprawi\u0107 sol\u0105,  papryk\u0105 oraz pieprzem. Obsma\u017cy\u0107 uk\u0142adaj\u0105c najpierw mi\u0119so sk\u00f3r\u0105 do patelni (bez t\u0142uszczu) potem odwr\u00f3ci\u0107. Sma\u017cy\u0107 z obu stron po 2 minuty.<br \/>\n2. Nast\u0119pnie wstawi\u0107 na 10 ? 15 minut do piekarnika rozgrzanego do temperatury 160 st. C, w zale\u017cno\u015bci od preferowanego stopnia wysma\u017cenia.<br \/>\n3. Zawin\u0105\u0107 \u015bliwki w boczek i dorzuci\u0107 do pieczenia w ostatniej fazie.<br \/>\n4. Jab\u0142ka obra\u0107 i oczy\u015bci\u0107. Ugotowa\u0107 i zmiksowa\u0107. Podawa\u0107  jako dodatek do kaczki.<br \/>\n5. Z pomara\u0144czy powycina\u0107 cz\u0105stki bez b\u0142onek &#8211; mo\u017cna je doda\u0107 do jab\u0142kowego puree lub udekorowa\u0107 potraw\u0119.<\/p>\n","protected":false},"excerpt":{"rendered":"<p>Pier\u015b kaczki, s\u00f3l, pieprz gruboziarnisty, papryka s\u0142odka, jab\u0142ka, pomara\u0144cza, suszone \u015bliwki, bekon w plasterkach 1. Ponacina\u0107 sk\u00f3r\u0119 piersi i doprawi\u0107 sol\u0105, papryk\u0105 oraz pieprzem. Obsma\u017cy\u0107 uk\u0142adaj\u0105c najpierw mi\u0119so sk\u00f3r\u0105 do patelni (bez t\u0142uszczu) potem odwr\u00f3ci\u0107. Sma\u017cy\u0107 z obu stron po 2 minuty. 2. Nast\u0119pnie wstawi\u0107 na 10 ? 15 minut do piekarnika rozgrzanego do temperatury [&hellip;]<\/p>\n","protected":false},"author":2,"featured_media":0,"comment_status":"open","ping_status":"open","sticky":false,"template":"","format":"standard","meta":{"footnotes":""},"categories":[1],"tags":[],"_links":{"self":[{"href":"https:\/\/blog.polityka.pl\/adamczewski\/wp-json\/wp\/v2\/posts\/11023"}],"collection":[{"href":"https:\/\/blog.polityka.pl\/adamczewski\/wp-json\/wp\/v2\/posts"}],"about":[{"href":"https:\/\/blog.polityka.pl\/adamczewski\/wp-json\/wp\/v2\/types\/post"}],"author":[{"embeddable":true,"href":"https:\/\/blog.polityka.pl\/adamczewski\/wp-json\/wp\/v2\/users\/2"}],"replies":[{"embeddable":true,"href":"https:\/\/blog.polityka.pl\/adamczewski\/wp-json\/wp\/v2\/comments?post=11023"}],"version-history":[{"count":0,"href":"https:\/\/blog.polityka.pl\/adamczewski\/wp-json\/wp\/v2\/posts\/11023\/revisions"}],"wp:attachment":[{"href":"https:\/\/blog.polityka.pl\/adamczewski\/wp-json\/wp\/v2\/media?parent=11023"}],"wp:term":[{"taxonomy":"category","embeddable":true,"href":"https:\/\/blog.polityka.pl\/adamczewski\/wp-json\/wp\/v2\/categories?post=11023"},{"taxonomy":"post_tag","embeddable":true,"href":"https:\/\/blog.polityka.pl\/adamczewski\/wp-json\/wp\/v2\/tags?post=11023"}],"curies":[{"name":"wp","href":"https:\/\/api.w.org\/{rel}","templated":true}]}}