
{"id":11024,"date":"2012-02-10T10:47:05","date_gmt":"2012-02-10T09:47:05","guid":{"rendered":"http:\/\/adamczewscy.pl\/?p=3431"},"modified":"2012-02-10T10:47:05","modified_gmt":"2012-02-10T09:47:05","slug":"gulasz-wolowy-z-rzodkiewkami","status":"publish","type":"post","link":"https:\/\/blog.polityka.pl\/adamczewski\/2012\/02\/10\/gulasz-wolowy-z-rzodkiewkami\/","title":{"rendered":"Gulasz wo\u0142owy z rzodkiewkami"},"content":{"rendered":"<p><em>50 dag wo\u0142owiny z ud\u017aca, du\u017ca cebula, 2 p\u0119czki rzodkiewek, 2 \u0142y\u017cki oliwy, \u0142y\u017cka m\u0105ki, 2 szklanki bulionu warzywnego z kostki, 2 \u0142y\u017cki koncentratu pomidorowego, do smaku cukier, s\u00f3l, pieprz<\/em><\/p>\n<p>1. Pokroi\u0107 cebul\u0119 w pi\u00f3rka, mi\u0119so pokroi\u0107 w paski opr\u00f3szy\u0107 m\u0105k\u0105, sol\u0105 i pieprzem. Wrzuci\u0107 na rozgrzan\u0105 oliw\u0119.<br \/>\n2. Podsma\u017cone mi\u0119so z cebul\u0105 podla\u0107 bulionem i dusi\u0107 40 minut pod przykryciem. W po\u0142owie duszenia doda\u0107 umyte i przekrojone na \u0107wiartki rzodkiewki, na koniec doprawi\u0107 koncentratem, w miar\u0119 potrzeby sol\u0105, pieprzem i cukrem. Doskonale smakuje z kasz\u0105 gryczan\u0105 na sypko.<\/p>\n","protected":false},"excerpt":{"rendered":"<p>50 dag wo\u0142owiny z ud\u017aca, du\u017ca cebula, 2 p\u0119czki rzodkiewek, 2 \u0142y\u017cki oliwy, \u0142y\u017cka m\u0105ki, 2 szklanki bulionu warzywnego z kostki, 2 \u0142y\u017cki koncentratu pomidorowego, do smaku cukier, s\u00f3l, pieprz 1. Pokroi\u0107 cebul\u0119 w pi\u00f3rka, mi\u0119so pokroi\u0107 w paski opr\u00f3szy\u0107 m\u0105k\u0105, sol\u0105 i pieprzem. Wrzuci\u0107 na rozgrzan\u0105 oliw\u0119. 2. Podsma\u017cone mi\u0119so z cebul\u0105 podla\u0107 bulionem [&hellip;]<\/p>\n","protected":false},"author":2,"featured_media":0,"comment_status":"open","ping_status":"open","sticky":false,"template":"","format":"standard","meta":{"footnotes":""},"categories":[1],"tags":[],"_links":{"self":[{"href":"https:\/\/blog.polityka.pl\/adamczewski\/wp-json\/wp\/v2\/posts\/11024"}],"collection":[{"href":"https:\/\/blog.polityka.pl\/adamczewski\/wp-json\/wp\/v2\/posts"}],"about":[{"href":"https:\/\/blog.polityka.pl\/adamczewski\/wp-json\/wp\/v2\/types\/post"}],"author":[{"embeddable":true,"href":"https:\/\/blog.polityka.pl\/adamczewski\/wp-json\/wp\/v2\/users\/2"}],"replies":[{"embeddable":true,"href":"https:\/\/blog.polityka.pl\/adamczewski\/wp-json\/wp\/v2\/comments?post=11024"}],"version-history":[{"count":0,"href":"https:\/\/blog.polityka.pl\/adamczewski\/wp-json\/wp\/v2\/posts\/11024\/revisions"}],"wp:attachment":[{"href":"https:\/\/blog.polityka.pl\/adamczewski\/wp-json\/wp\/v2\/media?parent=11024"}],"wp:term":[{"taxonomy":"category","embeddable":true,"href":"https:\/\/blog.polityka.pl\/adamczewski\/wp-json\/wp\/v2\/categories?post=11024"},{"taxonomy":"post_tag","embeddable":true,"href":"https:\/\/blog.polityka.pl\/adamczewski\/wp-json\/wp\/v2\/tags?post=11024"}],"curies":[{"name":"wp","href":"https:\/\/api.w.org\/{rel}","templated":true}]}}