
{"id":11025,"date":"2012-02-10T10:47:27","date_gmt":"2012-02-10T09:47:27","guid":{"rendered":"http:\/\/adamczewscy.pl\/?p=3432"},"modified":"2012-02-10T10:47:27","modified_gmt":"2012-02-10T09:47:27","slug":"ciasto-kanadyjskie","status":"publish","type":"post","link":"https:\/\/blog.polityka.pl\/adamczewski\/2012\/02\/10\/ciasto-kanadyjskie\/","title":{"rendered":"Ciasto kanadyjskie"},"content":{"rendered":"<p><em>2 szklanki m\u0105ki, 5 jaj, 1\/3 szklanki oliwy, 2 \u0142y\u017ceczki proszku do pieczenia, \u0142y\u017ceczka soli (mo\u017cna da\u0107 troch\u0119 mniej) szklanka cukru, 1\/2 szklanki soku pomara\u0144czowego<\/em><\/p>\n<p>1. Ubi\u0107 pian\u0119 z bia\u0142ek, pod koniec dodaj\u0105c cukier.<br \/>\n2. Do piany doda\u0107 wszystkie sk\u0142adniki i wymiesza\u0107 starannie.<br \/>\n3. W posmarowanej mas\u0142em foremce piec, a\u017c wk\u0142uty w   ciasto patyczek pozostanie suchy.<br \/>\nMo\u017cna wsypa\u0107 do ciasta gar\u015b\u0107 rodzynek lub siekanych migda\u0142\u00f3w czy orzech\u00f3w, ale i bez tego dodatku jest pyszne.<\/p>\n","protected":false},"excerpt":{"rendered":"<p>2 szklanki m\u0105ki, 5 jaj, 1\/3 szklanki oliwy, 2 \u0142y\u017ceczki proszku do pieczenia, \u0142y\u017ceczka soli (mo\u017cna da\u0107 troch\u0119 mniej) szklanka cukru, 1\/2 szklanki soku pomara\u0144czowego 1. Ubi\u0107 pian\u0119 z bia\u0142ek, pod koniec dodaj\u0105c cukier. 2. Do piany doda\u0107 wszystkie sk\u0142adniki i wymiesza\u0107 starannie. 3. W posmarowanej mas\u0142em foremce piec, a\u017c wk\u0142uty w ciasto patyczek pozostanie [&hellip;]<\/p>\n","protected":false},"author":2,"featured_media":0,"comment_status":"open","ping_status":"open","sticky":false,"template":"","format":"standard","meta":{"footnotes":""},"categories":[1],"tags":[],"_links":{"self":[{"href":"https:\/\/blog.polityka.pl\/adamczewski\/wp-json\/wp\/v2\/posts\/11025"}],"collection":[{"href":"https:\/\/blog.polityka.pl\/adamczewski\/wp-json\/wp\/v2\/posts"}],"about":[{"href":"https:\/\/blog.polityka.pl\/adamczewski\/wp-json\/wp\/v2\/types\/post"}],"author":[{"embeddable":true,"href":"https:\/\/blog.polityka.pl\/adamczewski\/wp-json\/wp\/v2\/users\/2"}],"replies":[{"embeddable":true,"href":"https:\/\/blog.polityka.pl\/adamczewski\/wp-json\/wp\/v2\/comments?post=11025"}],"version-history":[{"count":0,"href":"https:\/\/blog.polityka.pl\/adamczewski\/wp-json\/wp\/v2\/posts\/11025\/revisions"}],"wp:attachment":[{"href":"https:\/\/blog.polityka.pl\/adamczewski\/wp-json\/wp\/v2\/media?parent=11025"}],"wp:term":[{"taxonomy":"category","embeddable":true,"href":"https:\/\/blog.polityka.pl\/adamczewski\/wp-json\/wp\/v2\/categories?post=11025"},{"taxonomy":"post_tag","embeddable":true,"href":"https:\/\/blog.polityka.pl\/adamczewski\/wp-json\/wp\/v2\/tags?post=11025"}],"curies":[{"name":"wp","href":"https:\/\/api.w.org\/{rel}","templated":true}]}}