
{"id":11027,"date":"2012-02-17T11:05:34","date_gmt":"2012-02-17T10:05:34","guid":{"rendered":"http:\/\/adamczewscy.pl\/?p=3435"},"modified":"2012-02-17T11:05:34","modified_gmt":"2012-02-17T10:05:34","slug":"tarta-bakaliowa-agnieszki-kreglickiej","status":"publish","type":"post","link":"https:\/\/blog.polityka.pl\/adamczewski\/2012\/02\/17\/tarta-bakaliowa-agnieszki-kreglickiej\/","title":{"rendered":"Tarta bakaliowa Agnieszki Kr\u0119glickiej"},"content":{"rendered":"<p><em>10 dag suszonych \u015bliwek bez pestek,10 dag rodzynek,10 dag suszonych fig,10 dag daktyli,30 dag orzech\u00f3w w\u0142oskich i migda\u0142\u00f3w(\u0142\u0105cznie),100 ml brandy rumu lub whisky,6 \u0142y\u017cek kwa\u015bnych powide\u0142 \u015bliwkowych,10 dag kruchych herbatnik\u00f3w,10 dag gorzkiej czekolady, ?  szklanki \u015bmietany krem\u00f3wki<\/em><\/p>\n<p>1. W malakserze zmiksowa\u0107 orzechy i migda\u0142y, \u015bliwki, rodzynki, figi, daktyle i alkohol.<br \/>\n2. Mas\u0119 orzechowo-bakaliow\u0105 u\u0142o\u017cy\u0107 na dnie formy do tart, odstawi\u0107 ,aby obesch\u0142a.<br \/>\n3. Zagotowa\u0107 \u015bmietan\u0119, doda\u0107 do niej pokruszon\u0105 na kawa\u0142ki czekolad\u0119 i odstawi\u0107, aby czekolada si\u0119 rozpu\u015bci\u0142a.<br \/>\n4. Rozpuszczon\u0105 w \u015bmietanie czekolad\u0119 ubija\u0107 trzepaczk\u0105(najlepiej tzw. r\u00f3zg\u0105), aby powsta\u0142a g\u0142adka, puszysta masa.<br \/>\n5. Herbatniki rozdrobni\u0107  przy pomocy wa\u0142ka do ciasta  na grubsze okruchy.<br \/>\n6. Obeschni\u0119ty sp\u00f3d tarty posmarowa\u0107 powid\u0142ami i posypa\u0107 pokruszonymi herbatnikami i przykry\u0107 mas\u0105 czekoladow\u0105.<\/p>\n","protected":false},"excerpt":{"rendered":"<p>10 dag suszonych \u015bliwek bez pestek,10 dag rodzynek,10 dag suszonych fig,10 dag daktyli,30 dag orzech\u00f3w w\u0142oskich i migda\u0142\u00f3w(\u0142\u0105cznie),100 ml brandy rumu lub whisky,6 \u0142y\u017cek kwa\u015bnych powide\u0142 \u015bliwkowych,10 dag kruchych herbatnik\u00f3w,10 dag gorzkiej czekolady, ? szklanki \u015bmietany krem\u00f3wki 1. W malakserze zmiksowa\u0107 orzechy i migda\u0142y, \u015bliwki, rodzynki, figi, daktyle i alkohol. 2. Mas\u0119 orzechowo-bakaliow\u0105 u\u0142o\u017cy\u0107 na [&hellip;]<\/p>\n","protected":false},"author":2,"featured_media":0,"comment_status":"open","ping_status":"open","sticky":false,"template":"","format":"standard","meta":{"footnotes":""},"categories":[1],"tags":[],"_links":{"self":[{"href":"https:\/\/blog.polityka.pl\/adamczewski\/wp-json\/wp\/v2\/posts\/11027"}],"collection":[{"href":"https:\/\/blog.polityka.pl\/adamczewski\/wp-json\/wp\/v2\/posts"}],"about":[{"href":"https:\/\/blog.polityka.pl\/adamczewski\/wp-json\/wp\/v2\/types\/post"}],"author":[{"embeddable":true,"href":"https:\/\/blog.polityka.pl\/adamczewski\/wp-json\/wp\/v2\/users\/2"}],"replies":[{"embeddable":true,"href":"https:\/\/blog.polityka.pl\/adamczewski\/wp-json\/wp\/v2\/comments?post=11027"}],"version-history":[{"count":0,"href":"https:\/\/blog.polityka.pl\/adamczewski\/wp-json\/wp\/v2\/posts\/11027\/revisions"}],"wp:attachment":[{"href":"https:\/\/blog.polityka.pl\/adamczewski\/wp-json\/wp\/v2\/media?parent=11027"}],"wp:term":[{"taxonomy":"category","embeddable":true,"href":"https:\/\/blog.polityka.pl\/adamczewski\/wp-json\/wp\/v2\/categories?post=11027"},{"taxonomy":"post_tag","embeddable":true,"href":"https:\/\/blog.polityka.pl\/adamczewski\/wp-json\/wp\/v2\/tags?post=11027"}],"curies":[{"name":"wp","href":"https:\/\/api.w.org\/{rel}","templated":true}]}}