
{"id":11028,"date":"2012-02-17T11:06:31","date_gmt":"2012-02-17T10:06:31","guid":{"rendered":"http:\/\/adamczewscy.pl\/?p=3436"},"modified":"2012-02-17T11:06:31","modified_gmt":"2012-02-17T10:06:31","slug":"surowka-z-czerwonej-kapusty-2-2","status":"publish","type":"post","link":"https:\/\/blog.polityka.pl\/adamczewski\/2012\/02\/17\/surowka-z-czerwonej-kapusty-2-2\/","title":{"rendered":"Sur\u00f3wka z czerwonej kapusty"},"content":{"rendered":"<p><em>G\u0142\u00f3wka czerwonej kapusty, 2 jab\u0142ka, puszka kukurydzy, \u0142y\u017cka soku cytrynowego, \u0142y\u017cka miodu,2 \u0142y\u017cki oleju, szczypta cynamonu, s\u00f3l<\/em><\/p>\n<p>1. Kapust\u0119 poszatkowa\u0107 cienko, najlepiej przy pomocy \u0142opatki do ser\u00f3w, umie\u015bci\u0107 w durszlaku i przela\u0107 wrz\u0105c\u0105 wod\u0105. Os\u0105czy\u0107 .Ostudzi\u0107.<br \/>\n2. Kukurydz\u0119 os\u0105czy\u0107  z zalewy, jab\u0142ka po umyciu i obraniu ze sk\u00f3rki pokroi\u0107 w kostk\u0119.<br \/>\n3. Wymiesza\u0107 kapust\u0119 z jab\u0142kami i kukurydz\u0105.<br \/>\n4. Przygotowa\u0107 sos: olej wymiesza\u0107 z cytrynowym sokiem, miodem, szczypt\u0105 cynamonu i sol\u0105.<br \/>\n5. Pola\u0107 sur\u00f3wk\u0119 i jeszcze raz wymiesza\u0107.<\/p>\n","protected":false},"excerpt":{"rendered":"<p>G\u0142\u00f3wka czerwonej kapusty, 2 jab\u0142ka, puszka kukurydzy, \u0142y\u017cka soku cytrynowego, \u0142y\u017cka miodu,2 \u0142y\u017cki oleju, szczypta cynamonu, s\u00f3l 1. Kapust\u0119 poszatkowa\u0107 cienko, najlepiej przy pomocy \u0142opatki do ser\u00f3w, umie\u015bci\u0107 w durszlaku i przela\u0107 wrz\u0105c\u0105 wod\u0105. Os\u0105czy\u0107 .Ostudzi\u0107. 2. Kukurydz\u0119 os\u0105czy\u0107 z zalewy, jab\u0142ka po umyciu i obraniu ze sk\u00f3rki pokroi\u0107 w kostk\u0119. 3. Wymiesza\u0107 kapust\u0119 z [&hellip;]<\/p>\n","protected":false},"author":2,"featured_media":0,"comment_status":"open","ping_status":"open","sticky":false,"template":"","format":"standard","meta":{"footnotes":""},"categories":[1],"tags":[],"_links":{"self":[{"href":"https:\/\/blog.polityka.pl\/adamczewski\/wp-json\/wp\/v2\/posts\/11028"}],"collection":[{"href":"https:\/\/blog.polityka.pl\/adamczewski\/wp-json\/wp\/v2\/posts"}],"about":[{"href":"https:\/\/blog.polityka.pl\/adamczewski\/wp-json\/wp\/v2\/types\/post"}],"author":[{"embeddable":true,"href":"https:\/\/blog.polityka.pl\/adamczewski\/wp-json\/wp\/v2\/users\/2"}],"replies":[{"embeddable":true,"href":"https:\/\/blog.polityka.pl\/adamczewski\/wp-json\/wp\/v2\/comments?post=11028"}],"version-history":[{"count":0,"href":"https:\/\/blog.polityka.pl\/adamczewski\/wp-json\/wp\/v2\/posts\/11028\/revisions"}],"wp:attachment":[{"href":"https:\/\/blog.polityka.pl\/adamczewski\/wp-json\/wp\/v2\/media?parent=11028"}],"wp:term":[{"taxonomy":"category","embeddable":true,"href":"https:\/\/blog.polityka.pl\/adamczewski\/wp-json\/wp\/v2\/categories?post=11028"},{"taxonomy":"post_tag","embeddable":true,"href":"https:\/\/blog.polityka.pl\/adamczewski\/wp-json\/wp\/v2\/tags?post=11028"}],"curies":[{"name":"wp","href":"https:\/\/api.w.org\/{rel}","templated":true}]}}