
{"id":11029,"date":"2012-02-17T11:07:43","date_gmt":"2012-02-17T10:07:43","guid":{"rendered":"http:\/\/adamczewscy.pl\/?p=3437"},"modified":"2012-02-17T11:07:43","modified_gmt":"2012-02-17T10:07:43","slug":"bliny-ziemniaczane","status":"publish","type":"post","link":"https:\/\/blog.polityka.pl\/adamczewski\/2012\/02\/17\/bliny-ziemniaczane\/","title":{"rendered":"Bliny ziemniaczane"},"content":{"rendered":"<p><em>10 du\u017cych ziemniak\u00f3w, szklanka pszennej  m\u0105ki razowej ,5 dag dro\u017cd\u017cy, \u0142y\u017cka m\u0105ki pszennej, s\u00f3l, olej lub oliwa do sma\u017cenia<br \/>\nJako dodatek:  kwa\u015bna \u015bmietana<\/em><\/p>\n<p>1. Pokruszy\u0107 dro\u017cd\u017ce doda\u0107 \u0142y\u017ck\u0119 m\u0105ki i w kubeczku zala\u0107 szklank\u0105 letniej wody, wymiesza\u0107 i ustawi\u0107 na godzin\u0119 w ciep\u0142ym miejscu.<br \/>\n2. Ziemniaki zetrze\u0107 na drobnej tarce, doda\u0107 m\u0105k\u0119 razow\u0105, s\u00f3l i wyro\u015bni\u0119ty rozczyn. Wyrobi\u0107 ciasto dok\u0142adnie i pod przykryciem(najlepiej lnian\u0105 \u015bciereczk\u0105) odstawi\u0107 r\u00f3wnie\u017c w ciep\u0142ym miejscu do wyro\u015bni\u0119cia.<br \/>\n3. Na patelni rozgrzewa\u0107 po \u0142y\u017cce oliw\u0119 lub olej i  chochelk\u0105 nak\u0142ada\u0107 owalne placuszki. Sma\u017cy\u0107 z obu stron na z\u0142oto.<\/p>\n<p>Podawa\u0107 z kwa\u015bn\u0105 \u015bmietan\u0105.<\/p>\n","protected":false},"excerpt":{"rendered":"<p>10 du\u017cych ziemniak\u00f3w, szklanka pszennej m\u0105ki razowej ,5 dag dro\u017cd\u017cy, \u0142y\u017cka m\u0105ki pszennej, s\u00f3l, olej lub oliwa do sma\u017cenia Jako dodatek: kwa\u015bna \u015bmietana 1. Pokruszy\u0107 dro\u017cd\u017ce doda\u0107 \u0142y\u017ck\u0119 m\u0105ki i w kubeczku zala\u0107 szklank\u0105 letniej wody, wymiesza\u0107 i ustawi\u0107 na godzin\u0119 w ciep\u0142ym miejscu. 2. Ziemniaki zetrze\u0107 na drobnej tarce, doda\u0107 m\u0105k\u0119 razow\u0105, s\u00f3l i [&hellip;]<\/p>\n","protected":false},"author":2,"featured_media":0,"comment_status":"open","ping_status":"open","sticky":false,"template":"","format":"standard","meta":{"footnotes":""},"categories":[1],"tags":[],"_links":{"self":[{"href":"https:\/\/blog.polityka.pl\/adamczewski\/wp-json\/wp\/v2\/posts\/11029"}],"collection":[{"href":"https:\/\/blog.polityka.pl\/adamczewski\/wp-json\/wp\/v2\/posts"}],"about":[{"href":"https:\/\/blog.polityka.pl\/adamczewski\/wp-json\/wp\/v2\/types\/post"}],"author":[{"embeddable":true,"href":"https:\/\/blog.polityka.pl\/adamczewski\/wp-json\/wp\/v2\/users\/2"}],"replies":[{"embeddable":true,"href":"https:\/\/blog.polityka.pl\/adamczewski\/wp-json\/wp\/v2\/comments?post=11029"}],"version-history":[{"count":0,"href":"https:\/\/blog.polityka.pl\/adamczewski\/wp-json\/wp\/v2\/posts\/11029\/revisions"}],"wp:attachment":[{"href":"https:\/\/blog.polityka.pl\/adamczewski\/wp-json\/wp\/v2\/media?parent=11029"}],"wp:term":[{"taxonomy":"category","embeddable":true,"href":"https:\/\/blog.polityka.pl\/adamczewski\/wp-json\/wp\/v2\/categories?post=11029"},{"taxonomy":"post_tag","embeddable":true,"href":"https:\/\/blog.polityka.pl\/adamczewski\/wp-json\/wp\/v2\/tags?post=11029"}],"curies":[{"name":"wp","href":"https:\/\/api.w.org\/{rel}","templated":true}]}}