
{"id":11030,"date":"2012-02-17T11:08:45","date_gmt":"2012-02-17T10:08:45","guid":{"rendered":"http:\/\/adamczewscy.pl\/?p=3438"},"modified":"2012-02-17T11:08:45","modified_gmt":"2012-02-17T10:08:45","slug":"biszkopt-keksowy","status":"publish","type":"post","link":"https:\/\/blog.polityka.pl\/adamczewski\/2012\/02\/17\/biszkopt-keksowy\/","title":{"rendered":"Biszkopt keksowy"},"content":{"rendered":"<p><em>4 jajka, 4 \u0142y\u017cki cukru, 6 \u0142y\u017cek pszennej m\u0105ki, 3\/4 \u0142y\u017cki m\u0105ki ziemniaczanej, posiekane  figi i daktyle, rodzynki, s\u0142upki migda\u0142\u00f3w, posiekane niezbyt drobno orzechy w\u0142oskie, sma\u017cona w cukrze drobno posiekana sk\u00f3rka pomara\u0144czowa, \u0142\u0105cznie ok. 2 szklanek rozdrobnionych  bakalii, 2 dodatkowe \u0142y\u017cki m\u0105ki do posypania bakalii<\/em><\/p>\n<p>1. Wbi\u0107 jajka do miski i wraz z cukrem ubija\u0107 przez 30 minut na bardzo pulchn\u0105 mas\u0119.<br \/>\n2. Wsypuj\u0105c po \u0142y\u017cce doda\u0107 ca\u0142\u0105 m\u0105k\u0119 starannie lecz lekko mieszaj\u0105c. Doda\u0107 wymieszane z m\u0105k\u0105 bakalie i jeszcze raz delikatnie wymiesza\u0107.<br \/>\n3. Dwie w\u0105skie foremki tzw. cwibak\u00f3wki wy\u0142o\u017cy\u0107 papierem do wypiek\u00f3w, prze\u0142o\u017cy\u0107 do nich ciasto.<br \/>\n4. W nagrzanym do temperatury 150 &#8211; 160 st. C piekarniku piec keksy, a\u017c nabior\u0105 z\u0142ocistego koloru na wierzchu.<br \/>\n5. Wyjmowa\u0107 z foremek dopiero po zupe\u0142nym wystygni\u0119ciu.<br \/>\nPrzechowywa\u0107 owini\u0119te w pergamin, aby nie obsycha\u0142y.<\/p>\n","protected":false},"excerpt":{"rendered":"<p>4 jajka, 4 \u0142y\u017cki cukru, 6 \u0142y\u017cek pszennej m\u0105ki, 3\/4 \u0142y\u017cki m\u0105ki ziemniaczanej, posiekane figi i daktyle, rodzynki, s\u0142upki migda\u0142\u00f3w, posiekane niezbyt drobno orzechy w\u0142oskie, sma\u017cona w cukrze drobno posiekana sk\u00f3rka pomara\u0144czowa, \u0142\u0105cznie ok. 2 szklanek rozdrobnionych bakalii, 2 dodatkowe \u0142y\u017cki m\u0105ki do posypania bakalii 1. Wbi\u0107 jajka do miski i wraz z cukrem ubija\u0107 [&hellip;]<\/p>\n","protected":false},"author":2,"featured_media":0,"comment_status":"open","ping_status":"open","sticky":false,"template":"","format":"standard","meta":{"footnotes":""},"categories":[1],"tags":[],"_links":{"self":[{"href":"https:\/\/blog.polityka.pl\/adamczewski\/wp-json\/wp\/v2\/posts\/11030"}],"collection":[{"href":"https:\/\/blog.polityka.pl\/adamczewski\/wp-json\/wp\/v2\/posts"}],"about":[{"href":"https:\/\/blog.polityka.pl\/adamczewski\/wp-json\/wp\/v2\/types\/post"}],"author":[{"embeddable":true,"href":"https:\/\/blog.polityka.pl\/adamczewski\/wp-json\/wp\/v2\/users\/2"}],"replies":[{"embeddable":true,"href":"https:\/\/blog.polityka.pl\/adamczewski\/wp-json\/wp\/v2\/comments?post=11030"}],"version-history":[{"count":0,"href":"https:\/\/blog.polityka.pl\/adamczewski\/wp-json\/wp\/v2\/posts\/11030\/revisions"}],"wp:attachment":[{"href":"https:\/\/blog.polityka.pl\/adamczewski\/wp-json\/wp\/v2\/media?parent=11030"}],"wp:term":[{"taxonomy":"category","embeddable":true,"href":"https:\/\/blog.polityka.pl\/adamczewski\/wp-json\/wp\/v2\/categories?post=11030"},{"taxonomy":"post_tag","embeddable":true,"href":"https:\/\/blog.polityka.pl\/adamczewski\/wp-json\/wp\/v2\/tags?post=11030"}],"curies":[{"name":"wp","href":"https:\/\/api.w.org\/{rel}","templated":true}]}}