
{"id":11034,"date":"2012-02-24T07:18:06","date_gmt":"2012-02-24T06:18:06","guid":{"rendered":"http:\/\/adamczewscy.pl\/?p=3443"},"modified":"2012-02-24T07:18:06","modified_gmt":"2012-02-24T06:18:06","slug":"zupa-z-selera-z-przyprawa-curry","status":"publish","type":"post","link":"https:\/\/blog.polityka.pl\/adamczewski\/2012\/02\/24\/zupa-z-selera-z-przyprawa-curry\/","title":{"rendered":"Zupa z selera z przypraw\u0105 curry"},"content":{"rendered":"<p><em>Ok. 25 dag ciel\u0119ciny z ko\u015bci\u0105, 6 ziemniak\u00f3w, du\u017cy seler naciowy, cebula, p\u00f3\u0142 bia\u0142ej cz\u0119\u015bci pora, 3 plasterki imbiru, \u0142y\u017ceczka \u0142agodnej przyprawy curry, przyprawa do zup w p\u0142ynie, \u0142y\u017cka oliwy, s\u00f3l, 2 \u0142y\u017cki posiekanej zielonej pietruszki<br \/>\n<\/em><br \/>\n1. Mi\u0119so umy\u0107, zala\u0107 w garnku 6 szklankami wody, imbir i gotowa\u0107, a\u017c mi\u0119so zacznie mi\u0119kn\u0105\u0107.<br \/>\n2. Cebul\u0119 i por pokroi\u0107 w pi\u00f3rka i podsma\u017cy\u0107 na oliwie, doda\u0107 pokrojone w cienkie paski \u0142odygi selera, dalej chwil\u0119 dusi\u0107 pod przykryciem wsypa\u0107 curry, po czym doda\u0107 do gotuj\u0105cego si\u0119 wywaru z mi\u0119sa.<br \/>\n3. Do zupy doda\u0107 obrane i pokrojone w kostk\u0119 ziemniaki. Gotowa\u0107 20 minut, mi\u0119so wyj\u0105c z zupy, ostudzi\u0107, pokroi\u0107 na kawa\u0142ki.<br \/>\n4. Zup\u0119 zmiksowa\u0107; doda\u0107 do zupy pokrojone mi\u0119so, doprawi\u0107 przypraw\u0105 do zup i sol\u0105.<br \/>\nPodawa\u0107 zup\u0119 posypan\u0105 siekan\u0105 zielon\u0105 pietruszk\u0105. <\/p>\n","protected":false},"excerpt":{"rendered":"<p>Ok. 25 dag ciel\u0119ciny z ko\u015bci\u0105, 6 ziemniak\u00f3w, du\u017cy seler naciowy, cebula, p\u00f3\u0142 bia\u0142ej cz\u0119\u015bci pora, 3 plasterki imbiru, \u0142y\u017ceczka \u0142agodnej przyprawy curry, przyprawa do zup w p\u0142ynie, \u0142y\u017cka oliwy, s\u00f3l, 2 \u0142y\u017cki posiekanej zielonej pietruszki 1. Mi\u0119so umy\u0107, zala\u0107 w garnku 6 szklankami wody, imbir i gotowa\u0107, a\u017c mi\u0119so zacznie mi\u0119kn\u0105\u0107. 2. Cebul\u0119 i [&hellip;]<\/p>\n","protected":false},"author":2,"featured_media":0,"comment_status":"open","ping_status":"open","sticky":false,"template":"","format":"standard","meta":{"footnotes":""},"categories":[1],"tags":[],"_links":{"self":[{"href":"https:\/\/blog.polityka.pl\/adamczewski\/wp-json\/wp\/v2\/posts\/11034"}],"collection":[{"href":"https:\/\/blog.polityka.pl\/adamczewski\/wp-json\/wp\/v2\/posts"}],"about":[{"href":"https:\/\/blog.polityka.pl\/adamczewski\/wp-json\/wp\/v2\/types\/post"}],"author":[{"embeddable":true,"href":"https:\/\/blog.polityka.pl\/adamczewski\/wp-json\/wp\/v2\/users\/2"}],"replies":[{"embeddable":true,"href":"https:\/\/blog.polityka.pl\/adamczewski\/wp-json\/wp\/v2\/comments?post=11034"}],"version-history":[{"count":0,"href":"https:\/\/blog.polityka.pl\/adamczewski\/wp-json\/wp\/v2\/posts\/11034\/revisions"}],"wp:attachment":[{"href":"https:\/\/blog.polityka.pl\/adamczewski\/wp-json\/wp\/v2\/media?parent=11034"}],"wp:term":[{"taxonomy":"category","embeddable":true,"href":"https:\/\/blog.polityka.pl\/adamczewski\/wp-json\/wp\/v2\/categories?post=11034"},{"taxonomy":"post_tag","embeddable":true,"href":"https:\/\/blog.polityka.pl\/adamczewski\/wp-json\/wp\/v2\/tags?post=11034"}],"curies":[{"name":"wp","href":"https:\/\/api.w.org\/{rel}","templated":true}]}}