
{"id":11035,"date":"2012-02-24T07:18:53","date_gmt":"2012-02-24T06:18:53","guid":{"rendered":"http:\/\/adamczewscy.pl\/?p=3444"},"modified":"2012-02-24T07:18:53","modified_gmt":"2012-02-24T06:18:53","slug":"zupa-dyniowa-ze-szpinakowymi-paskami","status":"publish","type":"post","link":"https:\/\/blog.polityka.pl\/adamczewski\/2012\/02\/24\/zupa-dyniowa-ze-szpinakowymi-paskami\/","title":{"rendered":"Zupa dyniowa ze szpinakowymi paskami"},"content":{"rendered":"<p><em>1,5 kg mi\u0105\u017cszu z dyni, 2 z\u0105bki czosnku, 2 cebule, 2 marchwie, 4 mi\u0119siste pomidory, 4 \u0142y\u017cki oliwy z oliwek, ga\u0142\u0105zka tymianku, 8 szklanek bulionu warzywnego (mo\u017ce by\u0107 z kostki), 4 \u0142y\u017cki kwa\u015bnej g\u0119stej \u015bmietany, ? \u0142y\u017ceczki startej ga\u0142ki muszkato\u0142owej, s\u00f3l, pieprz, 20 dag \u015bwie\u017cego szpinaku<br \/>\n<\/em><br \/>\n1. Dynie pokroi\u0107 w kostk\u0119, cebul\u0119 posieka\u0107, czosnek przecisn\u0105\u0107 przez prask\u0119, marchew pokroi\u0107 w cienkie plasterki, 2 pomidory, po polaniu wrz\u0105tkiem i zdj\u0119ciu sk\u00f3rki, pokroi\u0107  na kawa\u0142eczki.<br \/>\n2. W garnku rozgrza\u0107  po\u0142ow\u0119 oliwy, zeszkli\u0107 cebul\u0119 i czosnek, doda\u0107 dyni\u0119 i dusi\u0107 5 minut.<br \/>\npo czym doda\u0107 marchew i pomidory, wla\u0107 bulion i gotowa\u0107 20 minut od momentu wrzenia.<br \/>\n3. Usun\u0105\u0107 ga\u0142\u0105zk\u0119 tymianku, zup\u0119 zmiksowa\u0107, doda\u0107 \u015bmietan\u0119, ga\u0142k\u0119 muszkato\u0142ow\u0105, s\u00f3l i pieprz.<br \/>\n4. Pozosta\u0142e pomidory po polaniu wrz\u0105tkiem obra\u0107 ze sk\u00f3rki, pokroi\u0107 w kostk\u0119. Umyty szpinak pokroi\u0107 w paski. Na rozgrzanym pozosta\u0142ym oleju poddusi\u0107 przez minut\u0119 posiekane pomidory i szpinak. Ka\u017cd\u0105 porcj\u0119 zupy ozdabia\u0107 duszonymi pomidorami ze szpinakiem. <\/p>\n","protected":false},"excerpt":{"rendered":"<p>1,5 kg mi\u0105\u017cszu z dyni, 2 z\u0105bki czosnku, 2 cebule, 2 marchwie, 4 mi\u0119siste pomidory, 4 \u0142y\u017cki oliwy z oliwek, ga\u0142\u0105zka tymianku, 8 szklanek bulionu warzywnego (mo\u017ce by\u0107 z kostki), 4 \u0142y\u017cki kwa\u015bnej g\u0119stej \u015bmietany, ? \u0142y\u017ceczki startej ga\u0142ki muszkato\u0142owej, s\u00f3l, pieprz, 20 dag \u015bwie\u017cego szpinaku 1. Dynie pokroi\u0107 w kostk\u0119, cebul\u0119 posieka\u0107, czosnek przecisn\u0105\u0107 [&hellip;]<\/p>\n","protected":false},"author":2,"featured_media":0,"comment_status":"open","ping_status":"open","sticky":false,"template":"","format":"standard","meta":{"footnotes":""},"categories":[1],"tags":[],"_links":{"self":[{"href":"https:\/\/blog.polityka.pl\/adamczewski\/wp-json\/wp\/v2\/posts\/11035"}],"collection":[{"href":"https:\/\/blog.polityka.pl\/adamczewski\/wp-json\/wp\/v2\/posts"}],"about":[{"href":"https:\/\/blog.polityka.pl\/adamczewski\/wp-json\/wp\/v2\/types\/post"}],"author":[{"embeddable":true,"href":"https:\/\/blog.polityka.pl\/adamczewski\/wp-json\/wp\/v2\/users\/2"}],"replies":[{"embeddable":true,"href":"https:\/\/blog.polityka.pl\/adamczewski\/wp-json\/wp\/v2\/comments?post=11035"}],"version-history":[{"count":0,"href":"https:\/\/blog.polityka.pl\/adamczewski\/wp-json\/wp\/v2\/posts\/11035\/revisions"}],"wp:attachment":[{"href":"https:\/\/blog.polityka.pl\/adamczewski\/wp-json\/wp\/v2\/media?parent=11035"}],"wp:term":[{"taxonomy":"category","embeddable":true,"href":"https:\/\/blog.polityka.pl\/adamczewski\/wp-json\/wp\/v2\/categories?post=11035"},{"taxonomy":"post_tag","embeddable":true,"href":"https:\/\/blog.polityka.pl\/adamczewski\/wp-json\/wp\/v2\/tags?post=11035"}],"curies":[{"name":"wp","href":"https:\/\/api.w.org\/{rel}","templated":true}]}}