
{"id":11039,"date":"2012-03-02T07:36:09","date_gmt":"2012-03-02T06:36:09","guid":{"rendered":"http:\/\/adamczewscy.pl\/?p=3449"},"modified":"2012-03-02T07:36:09","modified_gmt":"2012-03-02T06:36:09","slug":"karkowka-w-miodzie","status":"publish","type":"post","link":"https:\/\/blog.polityka.pl\/adamczewski\/2012\/03\/02\/karkowka-w-miodzie\/","title":{"rendered":"Kark\u00f3wka w miodzie"},"content":{"rendered":"<p><em>1 kg chudego schabu karkowego, 6 \u0142y\u017cek miodu, 3 \u0142y\u017cki czystej w\u00f3dki, cytryna, s\u00f3l, pieprz, po p\u00f3l \u0142y\u017ceczki suszonego majeranku i rozmarynu, s\u00f3\u0142, pieprz, 4 \u0142y\u017cki suszonego kolorowego pieprzu i dodatkowe 2 \u0142y\u017cki miodu<br \/>\n<\/em><br \/>\n1. Kark\u00f3wk\u0119 umy\u0107, osuszy\u0107 kuchennym papierowym r\u0119cznikiem.<br \/>\n2. Bardzo dok\u0142adnie wymiesza\u0107 mi\u00f3d z sokiem z cytryny, w\u00f3dk\u0105, sol\u0105 i pieprzem. Posmarowa\u0107 mieszank\u0105 mi\u0119so ze wszystkich stron,  owin\u0105\u0107 foli\u0105 aluminiow\u0105 i w\u0142o\u017cy\u0107 do lod\u00f3wki na ca\u0142\u0105 noc.<br \/>\n3. Pieprz ut\u0142uc w mo\u017adzierzu, wymiesza\u0107 z 2 \u0142y\u017ckami miodu i jeszcze raz posmarowa\u0107 nim mi\u0119so.<br \/>\n4. Umie\u015bci\u0107 w r\u0119kawie do pieczenia i w temperaturze 180 st. C upiec do mi\u0119kko\u015bci.<br \/>\n5. Rozci\u0105\u0107 no\u017cyczkami r\u0119kaw i rumieni\u0107 mi\u0119so jeszcze przez 10 minut. Podawa\u0107 pokrojone w plastry z dodatkiem ry\u017cu na sypko. <\/p>\n","protected":false},"excerpt":{"rendered":"<p>1 kg chudego schabu karkowego, 6 \u0142y\u017cek miodu, 3 \u0142y\u017cki czystej w\u00f3dki, cytryna, s\u00f3l, pieprz, po p\u00f3l \u0142y\u017ceczki suszonego majeranku i rozmarynu, s\u00f3\u0142, pieprz, 4 \u0142y\u017cki suszonego kolorowego pieprzu i dodatkowe 2 \u0142y\u017cki miodu 1. Kark\u00f3wk\u0119 umy\u0107, osuszy\u0107 kuchennym papierowym r\u0119cznikiem. 2. Bardzo dok\u0142adnie wymiesza\u0107 mi\u00f3d z sokiem z cytryny, w\u00f3dk\u0105, sol\u0105 i pieprzem. Posmarowa\u0107 [&hellip;]<\/p>\n","protected":false},"author":2,"featured_media":0,"comment_status":"open","ping_status":"open","sticky":false,"template":"","format":"standard","meta":{"footnotes":""},"categories":[1],"tags":[],"_links":{"self":[{"href":"https:\/\/blog.polityka.pl\/adamczewski\/wp-json\/wp\/v2\/posts\/11039"}],"collection":[{"href":"https:\/\/blog.polityka.pl\/adamczewski\/wp-json\/wp\/v2\/posts"}],"about":[{"href":"https:\/\/blog.polityka.pl\/adamczewski\/wp-json\/wp\/v2\/types\/post"}],"author":[{"embeddable":true,"href":"https:\/\/blog.polityka.pl\/adamczewski\/wp-json\/wp\/v2\/users\/2"}],"replies":[{"embeddable":true,"href":"https:\/\/blog.polityka.pl\/adamczewski\/wp-json\/wp\/v2\/comments?post=11039"}],"version-history":[{"count":0,"href":"https:\/\/blog.polityka.pl\/adamczewski\/wp-json\/wp\/v2\/posts\/11039\/revisions"}],"wp:attachment":[{"href":"https:\/\/blog.polityka.pl\/adamczewski\/wp-json\/wp\/v2\/media?parent=11039"}],"wp:term":[{"taxonomy":"category","embeddable":true,"href":"https:\/\/blog.polityka.pl\/adamczewski\/wp-json\/wp\/v2\/categories?post=11039"},{"taxonomy":"post_tag","embeddable":true,"href":"https:\/\/blog.polityka.pl\/adamczewski\/wp-json\/wp\/v2\/tags?post=11039"}],"curies":[{"name":"wp","href":"https:\/\/api.w.org\/{rel}","templated":true}]}}