
{"id":11044,"date":"2012-03-09T07:23:53","date_gmt":"2012-03-09T06:23:53","guid":{"rendered":"http:\/\/adamczewscy.pl\/?p=3455"},"modified":"2012-03-09T07:23:53","modified_gmt":"2012-03-09T06:23:53","slug":"swietne-zeberka-na-ostro","status":"publish","type":"post","link":"https:\/\/blog.polityka.pl\/adamczewski\/2012\/03\/09\/swietne-zeberka-na-ostro\/","title":{"rendered":"\u015awietne \u017ceberka na ostro"},"content":{"rendered":"<p><em>1 kg \u017ceberek, 3 \u0142y\u017cki oleju 2 cebule, li\u015b\u0107 laurowy, 4 ziarna ziela angielskiego, \u015bwie\u017ca papryczka chili, szklanka piwa, pieprz, s\u00f3l<\/em><\/p>\n<p>1. \u017beberka umy\u0107, osuszy\u0107, podzieli\u0107 na porcje, obsma\u017cy\u0107 na rozgrzanym oleju, prze\u0142o\u017cy\u0107 do garnka.<br \/>\n2. Na tym samym oleju, obsma\u017cy\u0107 pokrojone na ?\u00f3semki? cebule, prze\u0142o\u017cy\u0107 do garnka.<br \/>\n3. Do garnka z mi\u0119sem i cebul\u0105 doda\u0107 szklank\u0119 wrz\u0105tku i piwa, li\u015b\u0107 laurowy, ziele angielskie, pieprz i s\u00f3l. Dusi\u0107 45 minut.<br \/>\n4. Papryczk\u0119 chili, po usuni\u0119ciu gniazd nasiennych, posieka\u0107 drobno i doda\u0107 do \u017ceberek. Dusi\u0107 a\u017c mi\u0119so b\u0119dzie zupe\u0142nie mi\u0119kkie. <\/p>\n","protected":false},"excerpt":{"rendered":"<p>1 kg \u017ceberek, 3 \u0142y\u017cki oleju 2 cebule, li\u015b\u0107 laurowy, 4 ziarna ziela angielskiego, \u015bwie\u017ca papryczka chili, szklanka piwa, pieprz, s\u00f3l 1. \u017beberka umy\u0107, osuszy\u0107, podzieli\u0107 na porcje, obsma\u017cy\u0107 na rozgrzanym oleju, prze\u0142o\u017cy\u0107 do garnka. 2. Na tym samym oleju, obsma\u017cy\u0107 pokrojone na ?\u00f3semki? cebule, prze\u0142o\u017cy\u0107 do garnka. 3. Do garnka z mi\u0119sem i cebul\u0105 [&hellip;]<\/p>\n","protected":false},"author":2,"featured_media":0,"comment_status":"open","ping_status":"open","sticky":false,"template":"","format":"standard","meta":{"footnotes":""},"categories":[1],"tags":[],"_links":{"self":[{"href":"https:\/\/blog.polityka.pl\/adamczewski\/wp-json\/wp\/v2\/posts\/11044"}],"collection":[{"href":"https:\/\/blog.polityka.pl\/adamczewski\/wp-json\/wp\/v2\/posts"}],"about":[{"href":"https:\/\/blog.polityka.pl\/adamczewski\/wp-json\/wp\/v2\/types\/post"}],"author":[{"embeddable":true,"href":"https:\/\/blog.polityka.pl\/adamczewski\/wp-json\/wp\/v2\/users\/2"}],"replies":[{"embeddable":true,"href":"https:\/\/blog.polityka.pl\/adamczewski\/wp-json\/wp\/v2\/comments?post=11044"}],"version-history":[{"count":0,"href":"https:\/\/blog.polityka.pl\/adamczewski\/wp-json\/wp\/v2\/posts\/11044\/revisions"}],"wp:attachment":[{"href":"https:\/\/blog.polityka.pl\/adamczewski\/wp-json\/wp\/v2\/media?parent=11044"}],"wp:term":[{"taxonomy":"category","embeddable":true,"href":"https:\/\/blog.polityka.pl\/adamczewski\/wp-json\/wp\/v2\/categories?post=11044"},{"taxonomy":"post_tag","embeddable":true,"href":"https:\/\/blog.polityka.pl\/adamczewski\/wp-json\/wp\/v2\/tags?post=11044"}],"curies":[{"name":"wp","href":"https:\/\/api.w.org\/{rel}","templated":true}]}}